{"id":3371,"date":"2023-05-22T00:00:00","date_gmt":"2023-05-22T00:00:00","guid":{"rendered":"http:\/\/ecclesiae.de\/blog\/?p=3371"},"modified":"2023-02-06T12:49:17","modified_gmt":"2023-02-06T12:49:17","slug":"22-mai-gott-ruft-uns","status":"publish","type":"post","link":"https:\/\/ecclesiae.de\/blog\/?p=3371","title":{"rendered":"22. Mai &#8211; Gott ruft uns"},"content":{"rendered":"<p><a href=\"https:\/\/ecclesiae.de\/blog\/wp-content\/uploads\/2015\/05\/IMAG0530.jpg\"><img loading=\"lazy\" decoding=\"async\" class=\" size-medium wp-image-3357 alignleft\" src=\"https:\/\/ecclesiae.de\/blog\/wp-content\/uploads\/2015\/05\/IMAG0530-170x300.jpg\" alt=\"IMAG0530\" width=\"170\" height=\"300\" srcset=\"https:\/\/ecclesiae.de\/blog\/wp-content\/uploads\/2015\/05\/IMAG0530-170x300.jpg 170w, https:\/\/ecclesiae.de\/blog\/wp-content\/uploads\/2015\/05\/IMAG0530-579x1024.jpg 579w, https:\/\/ecclesiae.de\/blog\/wp-content\/uploads\/2015\/05\/IMAG0530.jpg 1520w\" sizes=\"auto, (max-width: 170px) 100vw, 170px\" \/><\/a>Wir k\u00f6nnen nicht nur ein Leben f\u00fchren, das an die drei Jahre dauernde Erdenmission Jesu alleine ausgerichtet ist. Lassen wir uns von seinem Geist beseelen, dem Geist, der die Antriebskraft f\u00fcr Jesu Taten war. Lassen wir uns durch seinen Geist f\u00fchren. Er wird uns in die Wahrheit f\u00fchren.<br \/>\nDamals sagte Jesus seinen J\u00fcngern: \u201eNoch vieles habe ich euch zu sagen, doch ihr k\u00f6nnt es jetzt nicht tragen; wenn aber jener kommt, der Geist der Wahrheit, wird er euch hinf\u00fchren zur vollen Wahrheit.\u201c (<a href=\"http:\/\/vulgata.info\/index.php\/Kategorie:Vulgata:NT:Joh16\"><em>Johannes 16,12<\/em><\/a>)&nbsp; Genau an diesem Punkt wurde Jesus von seinen Nachfolgern im Stich gelassen.<br \/>\n\u00dcbergeben wir uns immer mehr seiner F\u00fchrung durch den Geist, die allen versprochen worden war, aber von so wenigen in Anspruch genommen wurde.<\/p>\n","protected":false},"excerpt":{"rendered":"<p>Wir k\u00f6nnen nicht nur ein Leben f\u00fchren, das an die drei Jahre dauernde Erdenmission Jesu alleine ausgerichtet ist. Lassen wir uns von seinem Geist beseelen, dem Geist, der die Antriebskraft f\u00fcr Jesu Taten war. Lassen wir uns durch seinen Geist &hellip; <a href=\"https:\/\/ecclesiae.de\/blog\/?p=3371\">Weiterlesen <span class=\"meta-nav\">&rarr;<\/span><\/a><\/p>\n","protected":false},"author":3,"featured_media":0,"comment_status":"open","ping_status":"closed","sticky":false,"template":"","format":"standard","meta":{"footnotes":""},"categories":[1],"tags":[],"class_list":["post-3371","post","type-post","status-publish","format-standard","hentry","category-uncategorized"],"_links":{"self":[{"href":"https:\/\/ecclesiae.de\/blog\/index.php?rest_route=\/wp\/v2\/posts\/3371","targetHints":{"allow":["GET"]}}],"collection":[{"href":"https:\/\/ecclesiae.de\/blog\/index.php?rest_route=\/wp\/v2\/posts"}],"about":[{"href":"https:\/\/ecclesiae.de\/blog\/index.php?rest_route=\/wp\/v2\/types\/post"}],"author":[{"embeddable":true,"href":"https:\/\/ecclesiae.de\/blog\/index.php?rest_route=\/wp\/v2\/users\/3"}],"replies":[{"embeddable":true,"href":"https:\/\/ecclesiae.de\/blog\/index.php?rest_route=%2Fwp%2Fv2%2Fcomments&post=3371"}],"version-history":[{"count":2,"href":"https:\/\/ecclesiae.de\/blog\/index.php?rest_route=\/wp\/v2\/posts\/3371\/revisions"}],"predecessor-version":[{"id":11583,"href":"https:\/\/ecclesiae.de\/blog\/index.php?rest_route=\/wp\/v2\/posts\/3371\/revisions\/11583"}],"wp:attachment":[{"href":"https:\/\/ecclesiae.de\/blog\/index.php?rest_route=%2Fwp%2Fv2%2Fmedia&parent=3371"}],"wp:term":[{"taxonomy":"category","embeddable":true,"href":"https:\/\/ecclesiae.de\/blog\/index.php?rest_route=%2Fwp%2Fv2%2Fcategories&post=3371"},{"taxonomy":"post_tag","embeddable":true,"href":"https:\/\/ecclesiae.de\/blog\/index.php?rest_route=%2Fwp%2Fv2%2Ftags&post=3371"}],"curies":[{"name":"wp","href":"https:\/\/api.w.org\/{rel}","templated":true}]}}