{"id":3381,"date":"2023-05-26T00:00:00","date_gmt":"2023-05-26T00:00:00","guid":{"rendered":"http:\/\/ecclesiae.de\/blog\/?p=3381"},"modified":"2023-02-06T12:50:58","modified_gmt":"2023-02-06T12:50:58","slug":"26-mai-gott-ruft-uns","status":"publish","type":"post","link":"https:\/\/ecclesiae.de\/blog\/?p=3381","title":{"rendered":"26. Mai &#8211; Gott ruft uns"},"content":{"rendered":"<p><a href=\"https:\/\/ecclesiae.de\/blog\/wp-content\/uploads\/2015\/05\/IMAG0383.jpg\"><img loading=\"lazy\" decoding=\"async\" class=\" size-medium wp-image-3351 alignleft\" src=\"https:\/\/ecclesiae.de\/blog\/wp-content\/uploads\/2015\/05\/IMAG0383-300x170.jpg\" alt=\"IMAG0383\" width=\"300\" height=\"170\" srcset=\"https:\/\/ecclesiae.de\/blog\/wp-content\/uploads\/2015\/05\/IMAG0383-300x170.jpg 300w, https:\/\/ecclesiae.de\/blog\/wp-content\/uploads\/2015\/05\/IMAG0383-1024x579.jpg 1024w, https:\/\/ecclesiae.de\/blog\/wp-content\/uploads\/2015\/05\/IMAG0383-500x283.jpg 500w\" sizes=\"auto, (max-width: 300px) 100vw, 300px\" \/><\/a>Leben wir immer im Jetzt und sorgen wir uns nicht schon um den morgigen Tag. Die Probleme, die es in der Zukunft geben wird, k\u00f6nnen wir nur l\u00f6sen, wenn wir die Erfahrungen des heutigen Tages miteinbringen. Gott hat einen Plan mit uns. Seien wir also jeden Tag bereit, seinen Willen zu erf\u00fcllen. Regen wir uns nicht heute schon dar\u00fcber auf, was morgen geschehen k\u00f6nnte.<\/p>\n","protected":false},"excerpt":{"rendered":"<p>Leben wir immer im Jetzt und sorgen wir uns nicht schon um den morgigen Tag. Die Probleme, die es in der Zukunft geben wird, k\u00f6nnen wir nur l\u00f6sen, wenn wir die Erfahrungen des heutigen Tages miteinbringen. Gott hat einen Plan &hellip; <a href=\"https:\/\/ecclesiae.de\/blog\/?p=3381\">Weiterlesen <span class=\"meta-nav\">&rarr;<\/span><\/a><\/p>\n","protected":false},"author":3,"featured_media":0,"comment_status":"open","ping_status":"closed","sticky":false,"template":"","format":"standard","meta":{"footnotes":""},"categories":[1],"tags":[],"class_list":["post-3381","post","type-post","status-publish","format-standard","hentry","category-uncategorized"],"_links":{"self":[{"href":"https:\/\/ecclesiae.de\/blog\/index.php?rest_route=\/wp\/v2\/posts\/3381","targetHints":{"allow":["GET"]}}],"collection":[{"href":"https:\/\/ecclesiae.de\/blog\/index.php?rest_route=\/wp\/v2\/posts"}],"about":[{"href":"https:\/\/ecclesiae.de\/blog\/index.php?rest_route=\/wp\/v2\/types\/post"}],"author":[{"embeddable":true,"href":"https:\/\/ecclesiae.de\/blog\/index.php?rest_route=\/wp\/v2\/users\/3"}],"replies":[{"embeddable":true,"href":"https:\/\/ecclesiae.de\/blog\/index.php?rest_route=%2Fwp%2Fv2%2Fcomments&post=3381"}],"version-history":[{"count":2,"href":"https:\/\/ecclesiae.de\/blog\/index.php?rest_route=\/wp\/v2\/posts\/3381\/revisions"}],"predecessor-version":[{"id":11587,"href":"https:\/\/ecclesiae.de\/blog\/index.php?rest_route=\/wp\/v2\/posts\/3381\/revisions\/11587"}],"wp:attachment":[{"href":"https:\/\/ecclesiae.de\/blog\/index.php?rest_route=%2Fwp%2Fv2%2Fmedia&parent=3381"}],"wp:term":[{"taxonomy":"category","embeddable":true,"href":"https:\/\/ecclesiae.de\/blog\/index.php?rest_route=%2Fwp%2Fv2%2Fcategories&post=3381"},{"taxonomy":"post_tag","embeddable":true,"href":"https:\/\/ecclesiae.de\/blog\/index.php?rest_route=%2Fwp%2Fv2%2Ftags&post=3381"}],"curies":[{"name":"wp","href":"https:\/\/api.w.org\/{rel}","templated":true}]}}