{"id":3383,"date":"2023-05-27T00:00:00","date_gmt":"2023-05-27T00:00:00","guid":{"rendered":"http:\/\/ecclesiae.de\/blog\/?p=3383"},"modified":"2023-02-06T12:51:13","modified_gmt":"2023-02-06T12:51:13","slug":"27-mai-gott-ruft-uns","status":"publish","type":"post","link":"https:\/\/ecclesiae.de\/blog\/?p=3383","title":{"rendered":"27. Mai &#8211; Gott ruft uns"},"content":{"rendered":"<p><a href=\"https:\/\/ecclesiae.de\/blog\/wp-content\/uploads\/2015\/01\/cropped-Allerheiligen-2.jpg\"><img loading=\"lazy\" decoding=\"async\" class=\"  wp-image-2964 alignleft\" src=\"https:\/\/ecclesiae.de\/blog\/wp-content\/uploads\/2015\/01\/cropped-Allerheiligen-2-300x199.jpg\" alt=\"cropped-Allerheiligen (2)\" width=\"282\" height=\"191\"><\/a>Vertrauen wir doch immer mehr auf Gottes Beistand und Schutz. Er geht ja mit uns. Warum vertrauen wir oft unseren Mitmenschen mehr wie Gott? Gott entwirft einen Plan f\u00fcr unsere Reise und er ist auch in der Lage, die Kosten zu berechnen.<br \/>\nM\u00f6gen St\u00fcrme um uns rasen und Schwierigkeiten erdr\u00fcckend sein, uns wird kein Leid geschehen, weil wir von Gott besch\u00fctzt und gef\u00fchrt werden. Bei Gott gibt es keine Furcht.<\/p>\n","protected":false},"excerpt":{"rendered":"<p>Vertrauen wir doch immer mehr auf Gottes Beistand und Schutz. Er geht ja mit uns. Warum vertrauen wir oft unseren Mitmenschen mehr wie Gott? Gott entwirft einen Plan f\u00fcr unsere Reise und er ist auch in der Lage, die Kosten &hellip; <a href=\"https:\/\/ecclesiae.de\/blog\/?p=3383\">Weiterlesen <span class=\"meta-nav\">&rarr;<\/span><\/a><\/p>\n","protected":false},"author":3,"featured_media":0,"comment_status":"open","ping_status":"closed","sticky":false,"template":"","format":"standard","meta":{"footnotes":""},"categories":[1],"tags":[],"class_list":["post-3383","post","type-post","status-publish","format-standard","hentry","category-uncategorized"],"_links":{"self":[{"href":"https:\/\/ecclesiae.de\/blog\/index.php?rest_route=\/wp\/v2\/posts\/3383","targetHints":{"allow":["GET"]}}],"collection":[{"href":"https:\/\/ecclesiae.de\/blog\/index.php?rest_route=\/wp\/v2\/posts"}],"about":[{"href":"https:\/\/ecclesiae.de\/blog\/index.php?rest_route=\/wp\/v2\/types\/post"}],"author":[{"embeddable":true,"href":"https:\/\/ecclesiae.de\/blog\/index.php?rest_route=\/wp\/v2\/users\/3"}],"replies":[{"embeddable":true,"href":"https:\/\/ecclesiae.de\/blog\/index.php?rest_route=%2Fwp%2Fv2%2Fcomments&post=3383"}],"version-history":[{"count":2,"href":"https:\/\/ecclesiae.de\/blog\/index.php?rest_route=\/wp\/v2\/posts\/3383\/revisions"}],"predecessor-version":[{"id":11588,"href":"https:\/\/ecclesiae.de\/blog\/index.php?rest_route=\/wp\/v2\/posts\/3383\/revisions\/11588"}],"wp:attachment":[{"href":"https:\/\/ecclesiae.de\/blog\/index.php?rest_route=%2Fwp%2Fv2%2Fmedia&parent=3383"}],"wp:term":[{"taxonomy":"category","embeddable":true,"href":"https:\/\/ecclesiae.de\/blog\/index.php?rest_route=%2Fwp%2Fv2%2Fcategories&post=3383"},{"taxonomy":"post_tag","embeddable":true,"href":"https:\/\/ecclesiae.de\/blog\/index.php?rest_route=%2Fwp%2Fv2%2Ftags&post=3383"}],"curies":[{"name":"wp","href":"https:\/\/api.w.org\/{rel}","templated":true}]}}