{"id":3389,"date":"2023-05-30T00:00:00","date_gmt":"2023-05-30T00:00:00","guid":{"rendered":"http:\/\/ecclesiae.de\/blog\/?p=3389"},"modified":"2023-02-06T12:52:13","modified_gmt":"2023-02-06T12:52:13","slug":"30-mai-gott-ruft-uns","status":"publish","type":"post","link":"https:\/\/ecclesiae.de\/blog\/?p=3389","title":{"rendered":"30. Mai &#8211; Gott ruft uns"},"content":{"rendered":"<p><a href=\"https:\/\/ecclesiae.de\/blog\/wp-content\/uploads\/2011\/12\/IMG323.jpg\"><img loading=\"lazy\" decoding=\"async\" class=\" size-medium wp-image-5 alignleft\" src=\"https:\/\/ecclesiae.de\/blog\/wp-content\/uploads\/2011\/12\/IMG323-300x225.jpg\" alt=\"\u00d1\" width=\"300\" height=\"225\" srcset=\"https:\/\/ecclesiae.de\/blog\/wp-content\/uploads\/2011\/12\/IMG323-300x225.jpg 300w, https:\/\/ecclesiae.de\/blog\/wp-content\/uploads\/2011\/12\/IMG323-1024x768.jpg 1024w, https:\/\/ecclesiae.de\/blog\/wp-content\/uploads\/2011\/12\/IMG323-400x300.jpg 400w\" sizes=\"auto, (max-width: 300px) 100vw, 300px\" \/><\/a>Die Macht, unserem Bruder zu helfen, h\u00e4ngt nicht von ihm ab. Sie liegt in unseren eigenen H\u00e4nden. Ob sie gr\u00f6\u00dfer oder kleiner ist, h\u00e4ngt davon ab, dass wir&nbsp; den Balken aus unseren eigenen Augen ziehen. Bek\u00e4mpfen wir nicht die Fehler unserer Mitmenschen, sondern unsere eigenen. Wenn wir diese bemeistern, dann werden wir entdecken, wo unsere Mitmenschen Hilfe ben\u00f6tigen. Gott schenkt dann die Kraft ihnen beizustehen.<\/p>\n","protected":false},"excerpt":{"rendered":"<p>Die Macht, unserem Bruder zu helfen, h\u00e4ngt nicht von ihm ab. Sie liegt in unseren eigenen H\u00e4nden. Ob sie gr\u00f6\u00dfer oder kleiner ist, h\u00e4ngt davon ab, dass wir&nbsp; den Balken aus unseren eigenen Augen ziehen. Bek\u00e4mpfen wir nicht die Fehler &hellip; <a href=\"https:\/\/ecclesiae.de\/blog\/?p=3389\">Weiterlesen <span class=\"meta-nav\">&rarr;<\/span><\/a><\/p>\n","protected":false},"author":3,"featured_media":0,"comment_status":"open","ping_status":"closed","sticky":false,"template":"","format":"standard","meta":{"footnotes":""},"categories":[1],"tags":[],"class_list":["post-3389","post","type-post","status-publish","format-standard","hentry","category-uncategorized"],"_links":{"self":[{"href":"https:\/\/ecclesiae.de\/blog\/index.php?rest_route=\/wp\/v2\/posts\/3389","targetHints":{"allow":["GET"]}}],"collection":[{"href":"https:\/\/ecclesiae.de\/blog\/index.php?rest_route=\/wp\/v2\/posts"}],"about":[{"href":"https:\/\/ecclesiae.de\/blog\/index.php?rest_route=\/wp\/v2\/types\/post"}],"author":[{"embeddable":true,"href":"https:\/\/ecclesiae.de\/blog\/index.php?rest_route=\/wp\/v2\/users\/3"}],"replies":[{"embeddable":true,"href":"https:\/\/ecclesiae.de\/blog\/index.php?rest_route=%2Fwp%2Fv2%2Fcomments&post=3389"}],"version-history":[{"count":3,"href":"https:\/\/ecclesiae.de\/blog\/index.php?rest_route=\/wp\/v2\/posts\/3389\/revisions"}],"predecessor-version":[{"id":11591,"href":"https:\/\/ecclesiae.de\/blog\/index.php?rest_route=\/wp\/v2\/posts\/3389\/revisions\/11591"}],"wp:attachment":[{"href":"https:\/\/ecclesiae.de\/blog\/index.php?rest_route=%2Fwp%2Fv2%2Fmedia&parent=3389"}],"wp:term":[{"taxonomy":"category","embeddable":true,"href":"https:\/\/ecclesiae.de\/blog\/index.php?rest_route=%2Fwp%2Fv2%2Fcategories&post=3389"},{"taxonomy":"post_tag","embeddable":true,"href":"https:\/\/ecclesiae.de\/blog\/index.php?rest_route=%2Fwp%2Fv2%2Ftags&post=3389"}],"curies":[{"name":"wp","href":"https:\/\/api.w.org\/{rel}","templated":true}]}}