{"id":3408,"date":"2023-06-06T00:00:00","date_gmt":"2023-06-06T00:00:00","guid":{"rendered":"http:\/\/ecclesiae.de\/blog\/?p=3408"},"modified":"2023-02-06T12:55:04","modified_gmt":"2023-02-06T12:55:04","slug":"06-juni-gott-ruft-uns","status":"publish","type":"post","link":"https:\/\/ecclesiae.de\/blog\/?p=3408","title":{"rendered":"06. Juni &#8211; Gott ruft uns"},"content":{"rendered":"<p><a href=\"https:\/\/ecclesiae.de\/blog\/wp-content\/uploads\/2015\/05\/IMAG0570_1.jpg\"><img loading=\"lazy\" decoding=\"async\" class=\" size-medium wp-image-3428 alignleft\" src=\"https:\/\/ecclesiae.de\/blog\/wp-content\/uploads\/2015\/05\/IMAG0570_1-300x168.jpg\" alt=\"IMAG0570_1\" width=\"300\" height=\"168\" srcset=\"https:\/\/ecclesiae.de\/blog\/wp-content\/uploads\/2015\/05\/IMAG0570_1-300x168.jpg 300w, https:\/\/ecclesiae.de\/blog\/wp-content\/uploads\/2015\/05\/IMAG0570_1-1024x572.jpg 1024w, https:\/\/ecclesiae.de\/blog\/wp-content\/uploads\/2015\/05\/IMAG0570_1-500x279.jpg 500w, https:\/\/ecclesiae.de\/blog\/wp-content\/uploads\/2015\/05\/IMAG0570_1.jpg 1718w\" sizes=\"auto, (max-width: 300px) 100vw, 300px\" \/><\/a>Haben wir keine Angst und seien wir voller Freude. Verharren wir in Gottes Liebe. Es soll uns nicht um unser eigenes ICH gehen, sondern um das, was wir f\u00fcr die anderen gebrauchen k\u00f6nnen. Ja, freuen wir uns, Gott dienen zu k\u00f6nnen. Leben wir der Welt unsere Freude, die aus unserem Inneren kommt, vor. Zeigen wir unseren Mitmenschen, dass wir standhaft und unersch\u00fctterlich sind.<\/p>\n","protected":false},"excerpt":{"rendered":"<p>Haben wir keine Angst und seien wir voller Freude. Verharren wir in Gottes Liebe. Es soll uns nicht um unser eigenes ICH gehen, sondern um das, was wir f\u00fcr die anderen gebrauchen k\u00f6nnen. Ja, freuen wir uns, Gott dienen zu &hellip; <a href=\"https:\/\/ecclesiae.de\/blog\/?p=3408\">Weiterlesen <span class=\"meta-nav\">&rarr;<\/span><\/a><\/p>\n","protected":false},"author":3,"featured_media":0,"comment_status":"open","ping_status":"closed","sticky":false,"template":"","format":"standard","meta":{"footnotes":""},"categories":[1],"tags":[],"class_list":["post-3408","post","type-post","status-publish","format-standard","hentry","category-uncategorized"],"_links":{"self":[{"href":"https:\/\/ecclesiae.de\/blog\/index.php?rest_route=\/wp\/v2\/posts\/3408","targetHints":{"allow":["GET"]}}],"collection":[{"href":"https:\/\/ecclesiae.de\/blog\/index.php?rest_route=\/wp\/v2\/posts"}],"about":[{"href":"https:\/\/ecclesiae.de\/blog\/index.php?rest_route=\/wp\/v2\/types\/post"}],"author":[{"embeddable":true,"href":"https:\/\/ecclesiae.de\/blog\/index.php?rest_route=\/wp\/v2\/users\/3"}],"replies":[{"embeddable":true,"href":"https:\/\/ecclesiae.de\/blog\/index.php?rest_route=%2Fwp%2Fv2%2Fcomments&post=3408"}],"version-history":[{"count":3,"href":"https:\/\/ecclesiae.de\/blog\/index.php?rest_route=\/wp\/v2\/posts\/3408\/revisions"}],"predecessor-version":[{"id":11598,"href":"https:\/\/ecclesiae.de\/blog\/index.php?rest_route=\/wp\/v2\/posts\/3408\/revisions\/11598"}],"wp:attachment":[{"href":"https:\/\/ecclesiae.de\/blog\/index.php?rest_route=%2Fwp%2Fv2%2Fmedia&parent=3408"}],"wp:term":[{"taxonomy":"category","embeddable":true,"href":"https:\/\/ecclesiae.de\/blog\/index.php?rest_route=%2Fwp%2Fv2%2Fcategories&post=3408"},{"taxonomy":"post_tag","embeddable":true,"href":"https:\/\/ecclesiae.de\/blog\/index.php?rest_route=%2Fwp%2Fv2%2Ftags&post=3408"}],"curies":[{"name":"wp","href":"https:\/\/api.w.org\/{rel}","templated":true}]}}