{"id":3410,"date":"2023-06-07T00:00:00","date_gmt":"2023-06-07T00:00:00","guid":{"rendered":"http:\/\/ecclesiae.de\/blog\/?p=3410"},"modified":"2023-02-06T12:55:17","modified_gmt":"2023-02-06T12:55:17","slug":"07-juni-gott-ruft-uns","status":"publish","type":"post","link":"https:\/\/ecclesiae.de\/blog\/?p=3410","title":{"rendered":"07. Juni &#8211; Gott ruft uns"},"content":{"rendered":"<p><a href=\"https:\/\/ecclesiae.de\/blog\/wp-content\/uploads\/2015\/01\/Seid-bereit-2.jpg\"><img loading=\"lazy\" decoding=\"async\" class=\" size-full wp-image-2992 alignleft\" src=\"https:\/\/ecclesiae.de\/blog\/wp-content\/uploads\/2015\/01\/Seid-bereit-2.jpg\" alt=\"Seid-bereit (2)\" width=\"123\" height=\"197\"><\/a>Wenn wir uns ganz Gottes Macht unterwerfen, dann ist den R\u00fcckschl\u00e4gen des Lebens der Stachel entnommen. Lassen wir uns nicht durch k\u00f6rperliche Beschwerden oder dem Alter entmutigen. Vertrauen wir auf Gott. Er allein ist imstande zu beurteilen, ob wir uns f\u00fcr eine Aufgabe eignen, die er uns gibt.<br \/>\nZweifeln wir also nicht an seinen Beschl\u00fcssen. Nur unser Eigenwille kann Gottes Pl\u00e4ne durchkreuzen.<br \/>\nArbeiten wir also freudig in dem Wissen, dass Gott die ben\u00f6tigte Weisheit und auch das ben\u00f6tigte Material beschafft.<\/p>\n","protected":false},"excerpt":{"rendered":"<p>Wenn wir uns ganz Gottes Macht unterwerfen, dann ist den R\u00fcckschl\u00e4gen des Lebens der Stachel entnommen. Lassen wir uns nicht durch k\u00f6rperliche Beschwerden oder dem Alter entmutigen. Vertrauen wir auf Gott. Er allein ist imstande zu beurteilen, ob wir uns &hellip; <a href=\"https:\/\/ecclesiae.de\/blog\/?p=3410\">Weiterlesen <span class=\"meta-nav\">&rarr;<\/span><\/a><\/p>\n","protected":false},"author":3,"featured_media":0,"comment_status":"open","ping_status":"closed","sticky":false,"template":"","format":"standard","meta":{"footnotes":""},"categories":[1],"tags":[],"class_list":["post-3410","post","type-post","status-publish","format-standard","hentry","category-uncategorized"],"_links":{"self":[{"href":"https:\/\/ecclesiae.de\/blog\/index.php?rest_route=\/wp\/v2\/posts\/3410","targetHints":{"allow":["GET"]}}],"collection":[{"href":"https:\/\/ecclesiae.de\/blog\/index.php?rest_route=\/wp\/v2\/posts"}],"about":[{"href":"https:\/\/ecclesiae.de\/blog\/index.php?rest_route=\/wp\/v2\/types\/post"}],"author":[{"embeddable":true,"href":"https:\/\/ecclesiae.de\/blog\/index.php?rest_route=\/wp\/v2\/users\/3"}],"replies":[{"embeddable":true,"href":"https:\/\/ecclesiae.de\/blog\/index.php?rest_route=%2Fwp%2Fv2%2Fcomments&post=3410"}],"version-history":[{"count":3,"href":"https:\/\/ecclesiae.de\/blog\/index.php?rest_route=\/wp\/v2\/posts\/3410\/revisions"}],"predecessor-version":[{"id":11599,"href":"https:\/\/ecclesiae.de\/blog\/index.php?rest_route=\/wp\/v2\/posts\/3410\/revisions\/11599"}],"wp:attachment":[{"href":"https:\/\/ecclesiae.de\/blog\/index.php?rest_route=%2Fwp%2Fv2%2Fmedia&parent=3410"}],"wp:term":[{"taxonomy":"category","embeddable":true,"href":"https:\/\/ecclesiae.de\/blog\/index.php?rest_route=%2Fwp%2Fv2%2Fcategories&post=3410"},{"taxonomy":"post_tag","embeddable":true,"href":"https:\/\/ecclesiae.de\/blog\/index.php?rest_route=%2Fwp%2Fv2%2Ftags&post=3410"}],"curies":[{"name":"wp","href":"https:\/\/api.w.org\/{rel}","templated":true}]}}