{"id":3422,"date":"2023-06-13T00:00:00","date_gmt":"2023-06-13T00:00:00","guid":{"rendered":"http:\/\/ecclesiae.de\/blog\/?p=3422"},"modified":"2023-02-06T12:57:45","modified_gmt":"2023-02-06T12:57:45","slug":"13-juni-gott-ruft-uns","status":"publish","type":"post","link":"https:\/\/ecclesiae.de\/blog\/?p=3422","title":{"rendered":"13. Juni &#8211; Gott ruft uns"},"content":{"rendered":"<p><a href=\"https:\/\/ecclesiae.de\/blog\/wp-content\/uploads\/2015\/02\/Ritter.jpg\"><img loading=\"lazy\" decoding=\"async\" class=\" size-medium wp-image-3106 alignleft\" src=\"https:\/\/ecclesiae.de\/blog\/wp-content\/uploads\/2015\/02\/Ritter-217x300.jpg\" alt=\"Ritter\" width=\"217\" height=\"300\" srcset=\"https:\/\/ecclesiae.de\/blog\/wp-content\/uploads\/2015\/02\/Ritter-217x300.jpg 217w, https:\/\/ecclesiae.de\/blog\/wp-content\/uploads\/2015\/02\/Ritter.jpg 543w\" sizes=\"auto, (max-width: 217px) 100vw, 217px\" \/><\/a>Nicht das verstandesm\u00e4\u00dfige Nachsinnen \u00fcber Gott befreit uns von der Furcht, sondern das Verweilen bei Gott.<\/p>\n<p>Wo Gott ist, gibt es keine Furcht.<br \/>\nW\u00fcrden wir in der \u00dcberzeugung leben, dass Gott alle satanischen M\u00e4chte \u00fcberwand, und dies in aller \u00dcberzeugung best\u00e4tigen, w\u00e4ren keine bewaffneten Streitkr\u00e4fte n\u00f6tig, um das \u00dcbel zu bek\u00e4mpfen.<\/p>\n","protected":false},"excerpt":{"rendered":"<p>Nicht das verstandesm\u00e4\u00dfige Nachsinnen \u00fcber Gott befreit uns von der Furcht, sondern das Verweilen bei Gott. Wo Gott ist, gibt es keine Furcht. W\u00fcrden wir in der \u00dcberzeugung leben, dass Gott alle satanischen M\u00e4chte \u00fcberwand, und dies in aller \u00dcberzeugung &hellip; <a href=\"https:\/\/ecclesiae.de\/blog\/?p=3422\">Weiterlesen <span class=\"meta-nav\">&rarr;<\/span><\/a><\/p>\n","protected":false},"author":3,"featured_media":0,"comment_status":"open","ping_status":"closed","sticky":false,"template":"","format":"standard","meta":{"footnotes":""},"categories":[1],"tags":[],"class_list":["post-3422","post","type-post","status-publish","format-standard","hentry","category-uncategorized"],"_links":{"self":[{"href":"https:\/\/ecclesiae.de\/blog\/index.php?rest_route=\/wp\/v2\/posts\/3422","targetHints":{"allow":["GET"]}}],"collection":[{"href":"https:\/\/ecclesiae.de\/blog\/index.php?rest_route=\/wp\/v2\/posts"}],"about":[{"href":"https:\/\/ecclesiae.de\/blog\/index.php?rest_route=\/wp\/v2\/types\/post"}],"author":[{"embeddable":true,"href":"https:\/\/ecclesiae.de\/blog\/index.php?rest_route=\/wp\/v2\/users\/3"}],"replies":[{"embeddable":true,"href":"https:\/\/ecclesiae.de\/blog\/index.php?rest_route=%2Fwp%2Fv2%2Fcomments&post=3422"}],"version-history":[{"count":3,"href":"https:\/\/ecclesiae.de\/blog\/index.php?rest_route=\/wp\/v2\/posts\/3422\/revisions"}],"predecessor-version":[{"id":11605,"href":"https:\/\/ecclesiae.de\/blog\/index.php?rest_route=\/wp\/v2\/posts\/3422\/revisions\/11605"}],"wp:attachment":[{"href":"https:\/\/ecclesiae.de\/blog\/index.php?rest_route=%2Fwp%2Fv2%2Fmedia&parent=3422"}],"wp:term":[{"taxonomy":"category","embeddable":true,"href":"https:\/\/ecclesiae.de\/blog\/index.php?rest_route=%2Fwp%2Fv2%2Fcategories&post=3422"},{"taxonomy":"post_tag","embeddable":true,"href":"https:\/\/ecclesiae.de\/blog\/index.php?rest_route=%2Fwp%2Fv2%2Ftags&post=3422"}],"curies":[{"name":"wp","href":"https:\/\/api.w.org\/{rel}","templated":true}]}}