{"id":3454,"date":"2023-06-14T00:00:00","date_gmt":"2023-06-14T00:00:00","guid":{"rendered":"http:\/\/ecclesiae.de\/blog\/?p=3454"},"modified":"2023-02-06T12:58:00","modified_gmt":"2023-02-06T12:58:00","slug":"14-juni-gott-ruft-uns","status":"publish","type":"post","link":"https:\/\/ecclesiae.de\/blog\/?p=3454","title":{"rendered":"14. Juni &#8211; Gott ruft uns"},"content":{"rendered":"<p><a href=\"https:\/\/ecclesiae.de\/blog\/wp-content\/uploads\/2015\/04\/800px-Gaensebluemchen.jpg\"><img loading=\"lazy\" decoding=\"async\" class=\"  wp-image-3322 alignleft\" src=\"https:\/\/ecclesiae.de\/blog\/wp-content\/uploads\/2015\/04\/800px-Gaensebluemchen-300x219.jpg\" alt=\"800px-Gaensebluemchen\" width=\"270\" height=\"200\"><\/a>Halten wir auch die trockenen Zeiten im Vertrauen auf Gott aus. Wir m\u00fcssen da nicht mit unserem Verstand alles erforschen.<br \/>\nUm an Pflanzen und B\u00e4ume in der Natur Gefallen zu haben, m\u00fcssen wir auch nicht die Entstehungsgeschichte kennen. Wir atmen die reine Luft ein und werden durch die Sch\u00f6nheit der Landschaft erfrischt. Das ist genug f\u00fcr den Tag. Und so halten wir uns auch in Gottes Gegenwart auf und finden immer wieder Ruhe und Erholung f\u00fcr unsere Seele.<\/p>\n","protected":false},"excerpt":{"rendered":"<p>Halten wir auch die trockenen Zeiten im Vertrauen auf Gott aus. Wir m\u00fcssen da nicht mit unserem Verstand alles erforschen. Um an Pflanzen und B\u00e4ume in der Natur Gefallen zu haben, m\u00fcssen wir auch nicht die Entstehungsgeschichte kennen. Wir atmen &hellip; <a href=\"https:\/\/ecclesiae.de\/blog\/?p=3454\">Weiterlesen <span class=\"meta-nav\">&rarr;<\/span><\/a><\/p>\n","protected":false},"author":3,"featured_media":0,"comment_status":"open","ping_status":"closed","sticky":false,"template":"","format":"standard","meta":{"footnotes":""},"categories":[1],"tags":[],"class_list":["post-3454","post","type-post","status-publish","format-standard","hentry","category-uncategorized"],"_links":{"self":[{"href":"https:\/\/ecclesiae.de\/blog\/index.php?rest_route=\/wp\/v2\/posts\/3454","targetHints":{"allow":["GET"]}}],"collection":[{"href":"https:\/\/ecclesiae.de\/blog\/index.php?rest_route=\/wp\/v2\/posts"}],"about":[{"href":"https:\/\/ecclesiae.de\/blog\/index.php?rest_route=\/wp\/v2\/types\/post"}],"author":[{"embeddable":true,"href":"https:\/\/ecclesiae.de\/blog\/index.php?rest_route=\/wp\/v2\/users\/3"}],"replies":[{"embeddable":true,"href":"https:\/\/ecclesiae.de\/blog\/index.php?rest_route=%2Fwp%2Fv2%2Fcomments&post=3454"}],"version-history":[{"count":2,"href":"https:\/\/ecclesiae.de\/blog\/index.php?rest_route=\/wp\/v2\/posts\/3454\/revisions"}],"predecessor-version":[{"id":11606,"href":"https:\/\/ecclesiae.de\/blog\/index.php?rest_route=\/wp\/v2\/posts\/3454\/revisions\/11606"}],"wp:attachment":[{"href":"https:\/\/ecclesiae.de\/blog\/index.php?rest_route=%2Fwp%2Fv2%2Fmedia&parent=3454"}],"wp:term":[{"taxonomy":"category","embeddable":true,"href":"https:\/\/ecclesiae.de\/blog\/index.php?rest_route=%2Fwp%2Fv2%2Fcategories&post=3454"},{"taxonomy":"post_tag","embeddable":true,"href":"https:\/\/ecclesiae.de\/blog\/index.php?rest_route=%2Fwp%2Fv2%2Ftags&post=3454"}],"curies":[{"name":"wp","href":"https:\/\/api.w.org\/{rel}","templated":true}]}}