{"id":3456,"date":"2023-06-15T00:00:00","date_gmt":"2023-06-15T00:00:00","guid":{"rendered":"http:\/\/ecclesiae.de\/blog\/?p=3456"},"modified":"2023-02-06T12:58:15","modified_gmt":"2023-02-06T12:58:15","slug":"15-juni-gott-ruft-uns","status":"publish","type":"post","link":"https:\/\/ecclesiae.de\/blog\/?p=3456","title":{"rendered":"15. Juni &#8211; Gott ruft uns"},"content":{"rendered":"<p><a href=\"https:\/\/ecclesiae.de\/blog\/wp-content\/uploads\/2014\/11\/PJG118.jpg\"><img loading=\"lazy\" decoding=\"async\" class=\" size-medium wp-image-2755 alignleft\" src=\"https:\/\/ecclesiae.de\/blog\/wp-content\/uploads\/2014\/11\/PJG118-300x200.jpg\" alt=\"PJG118\" width=\"300\" height=\"200\" srcset=\"https:\/\/ecclesiae.de\/blog\/wp-content\/uploads\/2014\/11\/PJG118-300x200.jpg 300w, https:\/\/ecclesiae.de\/blog\/wp-content\/uploads\/2014\/11\/PJG118-1024x683.jpg 1024w, https:\/\/ecclesiae.de\/blog\/wp-content\/uploads\/2014\/11\/PJG118-449x300.jpg 449w\" sizes=\"auto, (max-width: 300px) 100vw, 300px\" \/><\/a>Lassen wir uns nicht niederdr\u00fccken durch Gedanken an Misserfolge, die wir hatten. Diese Zeiten mussten so sein.<br \/>\nN\u00fctzliche Arbeit wartet auf uns. Doch bevor wir in den Dienst Gottes treten d\u00fcrfen, wartet meist erst einmal eine W\u00fcstenzeit.<br \/>\nWenn schon f\u00fcr Jesus die vierzig Tage der Versuchung n\u00f6tig waren, bevor er an die Ausf\u00fchrung seines Auftrages gehen konnte, wie k\u00f6nnen wir dann erwarten, v\u00f6llig unvorbereitet unsere gro\u00dfen Aufgaben zu beginnen?<br \/>\nKosten wir zun\u00e4chst die Scham unserer Unw\u00fcrdigkeit, unserer Fehlschl\u00e4ge und unserer Nichtigkeit, ehe wir gemeinsam mit Jesus erobernd hervortreten und siegen.<\/p>\n","protected":false},"excerpt":{"rendered":"<p>Lassen wir uns nicht niederdr\u00fccken durch Gedanken an Misserfolge, die wir hatten. Diese Zeiten mussten so sein. N\u00fctzliche Arbeit wartet auf uns. Doch bevor wir in den Dienst Gottes treten d\u00fcrfen, wartet meist erst einmal eine W\u00fcstenzeit. Wenn schon f\u00fcr &hellip; <a href=\"https:\/\/ecclesiae.de\/blog\/?p=3456\">Weiterlesen <span class=\"meta-nav\">&rarr;<\/span><\/a><\/p>\n","protected":false},"author":3,"featured_media":0,"comment_status":"open","ping_status":"closed","sticky":false,"template":"","format":"standard","meta":{"footnotes":""},"categories":[1],"tags":[],"class_list":["post-3456","post","type-post","status-publish","format-standard","hentry","category-uncategorized"],"_links":{"self":[{"href":"https:\/\/ecclesiae.de\/blog\/index.php?rest_route=\/wp\/v2\/posts\/3456","targetHints":{"allow":["GET"]}}],"collection":[{"href":"https:\/\/ecclesiae.de\/blog\/index.php?rest_route=\/wp\/v2\/posts"}],"about":[{"href":"https:\/\/ecclesiae.de\/blog\/index.php?rest_route=\/wp\/v2\/types\/post"}],"author":[{"embeddable":true,"href":"https:\/\/ecclesiae.de\/blog\/index.php?rest_route=\/wp\/v2\/users\/3"}],"replies":[{"embeddable":true,"href":"https:\/\/ecclesiae.de\/blog\/index.php?rest_route=%2Fwp%2Fv2%2Fcomments&post=3456"}],"version-history":[{"count":3,"href":"https:\/\/ecclesiae.de\/blog\/index.php?rest_route=\/wp\/v2\/posts\/3456\/revisions"}],"predecessor-version":[{"id":11607,"href":"https:\/\/ecclesiae.de\/blog\/index.php?rest_route=\/wp\/v2\/posts\/3456\/revisions\/11607"}],"wp:attachment":[{"href":"https:\/\/ecclesiae.de\/blog\/index.php?rest_route=%2Fwp%2Fv2%2Fmedia&parent=3456"}],"wp:term":[{"taxonomy":"category","embeddable":true,"href":"https:\/\/ecclesiae.de\/blog\/index.php?rest_route=%2Fwp%2Fv2%2Fcategories&post=3456"},{"taxonomy":"post_tag","embeddable":true,"href":"https:\/\/ecclesiae.de\/blog\/index.php?rest_route=%2Fwp%2Fv2%2Ftags&post=3456"}],"curies":[{"name":"wp","href":"https:\/\/api.w.org\/{rel}","templated":true}]}}