{"id":3460,"date":"2023-06-17T00:00:00","date_gmt":"2023-06-17T00:00:00","guid":{"rendered":"http:\/\/ecclesiae.de\/blog\/?p=3460"},"modified":"2023-02-06T12:59:04","modified_gmt":"2023-02-06T12:59:04","slug":"17-juni-gott-ruft-uns","status":"publish","type":"post","link":"https:\/\/ecclesiae.de\/blog\/?p=3460","title":{"rendered":"17. Juni &#8211; Gott ruft uns"},"content":{"rendered":"<p><a href=\"https:\/\/ecclesiae.de\/blog\/wp-content\/uploads\/2015\/02\/449px-100_8553.jpg\"><img loading=\"lazy\" decoding=\"async\" class=\" size-medium wp-image-3124 alignleft\" src=\"https:\/\/ecclesiae.de\/blog\/wp-content\/uploads\/2015\/02\/449px-100_8553-225x300.jpg\" alt=\"449px-100_8553\" width=\"225\" height=\"300\" srcset=\"https:\/\/ecclesiae.de\/blog\/wp-content\/uploads\/2015\/02\/449px-100_8553-225x300.jpg 225w, https:\/\/ecclesiae.de\/blog\/wp-content\/uploads\/2015\/02\/449px-100_8553.jpg 449w\" sizes=\"auto, (max-width: 225px) 100vw, 225px\" \/><\/a>Kein Mensch lebt nur f\u00fcr selbst.<\/p>\n<p>Wir m\u00fcssen St\u00e4rke f\u00fcr die anderen besitzen.<\/p>\n<p>Sie werden in gr\u00f6\u00dferer Zahl zu uns kommen.<\/p>\n<p>Wollen wir sie dann mit leeren H\u00e4nden wegschicken?<br \/>\nSuchen wir unsere Hilfe von Gott, dann werden wir nicht entt\u00e4uscht werden.<\/p>\n","protected":false},"excerpt":{"rendered":"<p>Kein Mensch lebt nur f\u00fcr selbst. Wir m\u00fcssen St\u00e4rke f\u00fcr die anderen besitzen. Sie werden in gr\u00f6\u00dferer Zahl zu uns kommen. Wollen wir sie dann mit leeren H\u00e4nden wegschicken? Suchen wir unsere Hilfe von Gott, dann werden wir nicht entt\u00e4uscht &hellip; <a href=\"https:\/\/ecclesiae.de\/blog\/?p=3460\">Weiterlesen <span class=\"meta-nav\">&rarr;<\/span><\/a><\/p>\n","protected":false},"author":3,"featured_media":0,"comment_status":"open","ping_status":"closed","sticky":false,"template":"","format":"standard","meta":{"footnotes":""},"categories":[1],"tags":[],"class_list":["post-3460","post","type-post","status-publish","format-standard","hentry","category-uncategorized"],"_links":{"self":[{"href":"https:\/\/ecclesiae.de\/blog\/index.php?rest_route=\/wp\/v2\/posts\/3460","targetHints":{"allow":["GET"]}}],"collection":[{"href":"https:\/\/ecclesiae.de\/blog\/index.php?rest_route=\/wp\/v2\/posts"}],"about":[{"href":"https:\/\/ecclesiae.de\/blog\/index.php?rest_route=\/wp\/v2\/types\/post"}],"author":[{"embeddable":true,"href":"https:\/\/ecclesiae.de\/blog\/index.php?rest_route=\/wp\/v2\/users\/3"}],"replies":[{"embeddable":true,"href":"https:\/\/ecclesiae.de\/blog\/index.php?rest_route=%2Fwp%2Fv2%2Fcomments&post=3460"}],"version-history":[{"count":2,"href":"https:\/\/ecclesiae.de\/blog\/index.php?rest_route=\/wp\/v2\/posts\/3460\/revisions"}],"predecessor-version":[{"id":11609,"href":"https:\/\/ecclesiae.de\/blog\/index.php?rest_route=\/wp\/v2\/posts\/3460\/revisions\/11609"}],"wp:attachment":[{"href":"https:\/\/ecclesiae.de\/blog\/index.php?rest_route=%2Fwp%2Fv2%2Fmedia&parent=3460"}],"wp:term":[{"taxonomy":"category","embeddable":true,"href":"https:\/\/ecclesiae.de\/blog\/index.php?rest_route=%2Fwp%2Fv2%2Fcategories&post=3460"},{"taxonomy":"post_tag","embeddable":true,"href":"https:\/\/ecclesiae.de\/blog\/index.php?rest_route=%2Fwp%2Fv2%2Ftags&post=3460"}],"curies":[{"name":"wp","href":"https:\/\/api.w.org\/{rel}","templated":true}]}}