{"id":353,"date":"2012-05-05T00:00:53","date_gmt":"2012-05-05T00:00:53","guid":{"rendered":"http:\/\/ecclesiae.de\/blog\/?p=353"},"modified":"2012-02-02T09:51:18","modified_gmt":"2012-02-02T09:51:18","slug":"papstwort-des-tages-125","status":"publish","type":"post","link":"https:\/\/ecclesiae.de\/blog\/?p=353","title":{"rendered":"Papstwort des Tages"},"content":{"rendered":"<p>Ich m\u00f6chte vor allem jene danken<\/p>\n<p>und sie ermutigen, die f\u00fcr die Pr\u00e4vention<\/p>\n<p>und Erziehung Sorge tragen, besonders<\/p>\n<p>den Eltern, den Lehrern sowie den<\/p>\n<p>vielen Priestern, Schwestern, Katecheten<\/p>\n<p>und Beauftragten, die mit den<\/p>\n<p>Kindern in den Pfarreien, Schulen<\/p>\n<p>und Vereinen arbeiten.<\/p>\n","protected":false},"excerpt":{"rendered":"<p>Ich m\u00f6chte vor allem jene danken und sie ermutigen, die f\u00fcr die Pr\u00e4vention und Erziehung Sorge tragen, besonders den Eltern, den Lehrern sowie den vielen Priestern, Schwestern, Katecheten und Beauftragten, die mit den Kindern in den Pfarreien, Schulen und Vereinen &hellip; <a href=\"https:\/\/ecclesiae.de\/blog\/?p=353\">Weiterlesen <span class=\"meta-nav\">&rarr;<\/span><\/a><\/p>\n","protected":false},"author":3,"featured_media":0,"comment_status":"open","ping_status":"closed","sticky":false,"template":"","format":"standard","meta":{"footnotes":""},"categories":[1],"tags":[],"class_list":["post-353","post","type-post","status-publish","format-standard","hentry","category-uncategorized"],"_links":{"self":[{"href":"https:\/\/ecclesiae.de\/blog\/index.php?rest_route=\/wp\/v2\/posts\/353","targetHints":{"allow":["GET"]}}],"collection":[{"href":"https:\/\/ecclesiae.de\/blog\/index.php?rest_route=\/wp\/v2\/posts"}],"about":[{"href":"https:\/\/ecclesiae.de\/blog\/index.php?rest_route=\/wp\/v2\/types\/post"}],"author":[{"embeddable":true,"href":"https:\/\/ecclesiae.de\/blog\/index.php?rest_route=\/wp\/v2\/users\/3"}],"replies":[{"embeddable":true,"href":"https:\/\/ecclesiae.de\/blog\/index.php?rest_route=%2Fwp%2Fv2%2Fcomments&post=353"}],"version-history":[{"count":1,"href":"https:\/\/ecclesiae.de\/blog\/index.php?rest_route=\/wp\/v2\/posts\/353\/revisions"}],"predecessor-version":[{"id":354,"href":"https:\/\/ecclesiae.de\/blog\/index.php?rest_route=\/wp\/v2\/posts\/353\/revisions\/354"}],"wp:attachment":[{"href":"https:\/\/ecclesiae.de\/blog\/index.php?rest_route=%2Fwp%2Fv2%2Fmedia&parent=353"}],"wp:term":[{"taxonomy":"category","embeddable":true,"href":"https:\/\/ecclesiae.de\/blog\/index.php?rest_route=%2Fwp%2Fv2%2Fcategories&post=353"},{"taxonomy":"post_tag","embeddable":true,"href":"https:\/\/ecclesiae.de\/blog\/index.php?rest_route=%2Fwp%2Fv2%2Ftags&post=353"}],"curies":[{"name":"wp","href":"https:\/\/api.w.org\/{rel}","templated":true}]}}