{"id":358,"date":"2012-05-07T00:00:24","date_gmt":"2012-05-07T00:00:24","guid":{"rendered":"http:\/\/ecclesiae.de\/blog\/?p=358"},"modified":"2012-02-02T10:08:16","modified_gmt":"2012-02-02T10:08:16","slug":"papstwort-des-tages-127","status":"publish","type":"post","link":"https:\/\/ecclesiae.de\/blog\/?p=358","title":{"rendered":"Papstwort des Tages"},"content":{"rendered":"<p>Wie k\u00f6nnen wir die Stimme des<\/p>\n<p>Herrn h\u00f6ren und sie erkennen?<\/p>\n<p>In der Verk\u00fcndigung der Apostel<\/p>\n<p>und ihrer Nachfolger: In ihr<\/p>\n<p>erklingt die Stimme Christi, die<\/p>\n<p>zur Gemeinschaft mit Gott und<\/p>\n<p>zur F\u00fclle des Lebens aufruft.<\/p>\n","protected":false},"excerpt":{"rendered":"<p>Wie k\u00f6nnen wir die Stimme des Herrn h\u00f6ren und sie erkennen? In der Verk\u00fcndigung der Apostel und ihrer Nachfolger: In ihr erklingt die Stimme Christi, die zur Gemeinschaft mit Gott und zur F\u00fclle des Lebens aufruft.<\/p>\n","protected":false},"author":3,"featured_media":0,"comment_status":"open","ping_status":"closed","sticky":false,"template":"","format":"standard","meta":{"footnotes":""},"categories":[1],"tags":[],"class_list":["post-358","post","type-post","status-publish","format-standard","hentry","category-uncategorized"],"_links":{"self":[{"href":"https:\/\/ecclesiae.de\/blog\/index.php?rest_route=\/wp\/v2\/posts\/358","targetHints":{"allow":["GET"]}}],"collection":[{"href":"https:\/\/ecclesiae.de\/blog\/index.php?rest_route=\/wp\/v2\/posts"}],"about":[{"href":"https:\/\/ecclesiae.de\/blog\/index.php?rest_route=\/wp\/v2\/types\/post"}],"author":[{"embeddable":true,"href":"https:\/\/ecclesiae.de\/blog\/index.php?rest_route=\/wp\/v2\/users\/3"}],"replies":[{"embeddable":true,"href":"https:\/\/ecclesiae.de\/blog\/index.php?rest_route=%2Fwp%2Fv2%2Fcomments&post=358"}],"version-history":[{"count":2,"href":"https:\/\/ecclesiae.de\/blog\/index.php?rest_route=\/wp\/v2\/posts\/358\/revisions"}],"predecessor-version":[{"id":360,"href":"https:\/\/ecclesiae.de\/blog\/index.php?rest_route=\/wp\/v2\/posts\/358\/revisions\/360"}],"wp:attachment":[{"href":"https:\/\/ecclesiae.de\/blog\/index.php?rest_route=%2Fwp%2Fv2%2Fmedia&parent=358"}],"wp:term":[{"taxonomy":"category","embeddable":true,"href":"https:\/\/ecclesiae.de\/blog\/index.php?rest_route=%2Fwp%2Fv2%2Fcategories&post=358"},{"taxonomy":"post_tag","embeddable":true,"href":"https:\/\/ecclesiae.de\/blog\/index.php?rest_route=%2Fwp%2Fv2%2Ftags&post=358"}],"curies":[{"name":"wp","href":"https:\/\/api.w.org\/{rel}","templated":true}]}}