{"id":3720,"date":"2023-09-06T00:00:00","date_gmt":"2023-09-06T00:00:00","guid":{"rendered":"http:\/\/ecclesiae.de\/blog\/?p=3720"},"modified":"2023-07-31T11:48:39","modified_gmt":"2023-07-31T11:48:39","slug":"06-september-gott-ruft-uns","status":"publish","type":"post","link":"https:\/\/ecclesiae.de\/blog\/?p=3720","title":{"rendered":"06. September &#8211; Gott ruft uns"},"content":{"rendered":"<p><a href=\"https:\/\/ecclesiae.de\/blog\/wp-content\/uploads\/2022\/08\/Engel-Kerze-Text.jpg\"><img loading=\"lazy\" decoding=\"async\" class=\"size-medium wp-image-11256 alignleft\" src=\"https:\/\/ecclesiae.de\/blog\/wp-content\/uploads\/2022\/08\/Engel-Kerze-Text-158x300.jpg\" alt=\"\" width=\"158\" height=\"300\" srcset=\"https:\/\/ecclesiae.de\/blog\/wp-content\/uploads\/2022\/08\/Engel-Kerze-Text-158x300.jpg 158w, https:\/\/ecclesiae.de\/blog\/wp-content\/uploads\/2022\/08\/Engel-Kerze-Text.jpg 353w\" sizes=\"auto, (max-width: 158px) 100vw, 158px\" \/><\/a>Wir bed\u00fcrfen immer wieder der Schulung und der Zucht Gottes. Es ist wie bei den B\u00e4umen. Diese scheinen im Winter auch nutzlos. Es ist wichtig, dass unsere Wurzeln sich vertiefen und ausbreiten. Erst dann k\u00f6nnen wir wie die B\u00e4ume im Sturm stark stehen und der Winterk\u00e4lte trotzen.<br \/>\nWie schon Kohelet sagt, hat alles seine Zeit. In Zeiten der Trockenheit und D\u00fcrre d\u00fcrfen wir uns bewusst sein, dass die Zeit des Helfens wiederkommen wird. Vorher m\u00fcssen wir jedoch lernen, nicht auf unsere Bl\u00e4tter und den Schmuck des Baumes stolz zu sein. Benutzen wir all den Schmuck, den der Herr uns schenkt, f\u00fcr die Bed\u00fcrftigen und geben wir die Ehre unserem Herrn.<\/p>\n","protected":false},"excerpt":{"rendered":"<p>Wir bed\u00fcrfen immer wieder der Schulung und der Zucht Gottes. Es ist wie bei den B\u00e4umen. Diese scheinen im Winter auch nutzlos. Es ist wichtig, dass unsere Wurzeln sich vertiefen und ausbreiten. Erst dann k\u00f6nnen wir wie die B\u00e4ume im &hellip; <a href=\"https:\/\/ecclesiae.de\/blog\/?p=3720\">Weiterlesen <span class=\"meta-nav\">&rarr;<\/span><\/a><\/p>\n","protected":false},"author":3,"featured_media":0,"comment_status":"open","ping_status":"closed","sticky":false,"template":"","format":"standard","meta":{"footnotes":""},"categories":[1],"tags":[],"class_list":["post-3720","post","type-post","status-publish","format-standard","hentry","category-uncategorized"],"_links":{"self":[{"href":"https:\/\/ecclesiae.de\/blog\/index.php?rest_route=\/wp\/v2\/posts\/3720","targetHints":{"allow":["GET"]}}],"collection":[{"href":"https:\/\/ecclesiae.de\/blog\/index.php?rest_route=\/wp\/v2\/posts"}],"about":[{"href":"https:\/\/ecclesiae.de\/blog\/index.php?rest_route=\/wp\/v2\/types\/post"}],"author":[{"embeddable":true,"href":"https:\/\/ecclesiae.de\/blog\/index.php?rest_route=\/wp\/v2\/users\/3"}],"replies":[{"embeddable":true,"href":"https:\/\/ecclesiae.de\/blog\/index.php?rest_route=%2Fwp%2Fv2%2Fcomments&post=3720"}],"version-history":[{"count":4,"href":"https:\/\/ecclesiae.de\/blog\/index.php?rest_route=\/wp\/v2\/posts\/3720\/revisions"}],"predecessor-version":[{"id":12113,"href":"https:\/\/ecclesiae.de\/blog\/index.php?rest_route=\/wp\/v2\/posts\/3720\/revisions\/12113"}],"wp:attachment":[{"href":"https:\/\/ecclesiae.de\/blog\/index.php?rest_route=%2Fwp%2Fv2%2Fmedia&parent=3720"}],"wp:term":[{"taxonomy":"category","embeddable":true,"href":"https:\/\/ecclesiae.de\/blog\/index.php?rest_route=%2Fwp%2Fv2%2Fcategories&post=3720"},{"taxonomy":"post_tag","embeddable":true,"href":"https:\/\/ecclesiae.de\/blog\/index.php?rest_route=%2Fwp%2Fv2%2Ftags&post=3720"}],"curies":[{"name":"wp","href":"https:\/\/api.w.org\/{rel}","templated":true}]}}