{"id":386,"date":"2012-05-14T00:00:40","date_gmt":"2012-05-14T00:00:40","guid":{"rendered":"http:\/\/ecclesiae.de\/blog\/?p=386"},"modified":"2012-02-10T14:38:56","modified_gmt":"2012-02-10T14:38:56","slug":"papstwort-des-tages-134","status":"publish","type":"post","link":"https:\/\/ecclesiae.de\/blog\/?p=386","title":{"rendered":"Papstwort des Tages"},"content":{"rendered":"<p>Daher lade ich die Eltern ein,<\/p>\n<p>daf\u00fcr zu beten, dass das Herz<\/p>\n<p>der Kinder f\u00fcr das H\u00f6ren auf den<\/p>\n<p>Guten Hirten offen werde und<\/p>\n<p>dass &#8222;jeder noch so kleine Keim<\/p>\n<p>der Berufung zu einem<\/p>\n<p>kr\u00e4ftigen Baum werde, reich an<\/p>\n<p>Fr\u00fcchten zum Wohl der Kirche<\/p>\n<p>und der gesamten Menschheit&#8220;.<\/p>\n","protected":false},"excerpt":{"rendered":"<p>Daher lade ich die Eltern ein, daf\u00fcr zu beten, dass das Herz der Kinder f\u00fcr das H\u00f6ren auf den Guten Hirten offen werde und dass &#8222;jeder noch so kleine Keim der Berufung zu einem kr\u00e4ftigen Baum werde, reich an Fr\u00fcchten &hellip; <a href=\"https:\/\/ecclesiae.de\/blog\/?p=386\">Weiterlesen <span class=\"meta-nav\">&rarr;<\/span><\/a><\/p>\n","protected":false},"author":3,"featured_media":0,"comment_status":"open","ping_status":"closed","sticky":false,"template":"","format":"standard","meta":{"footnotes":""},"categories":[1],"tags":[],"class_list":["post-386","post","type-post","status-publish","format-standard","hentry","category-uncategorized"],"_links":{"self":[{"href":"https:\/\/ecclesiae.de\/blog\/index.php?rest_route=\/wp\/v2\/posts\/386","targetHints":{"allow":["GET"]}}],"collection":[{"href":"https:\/\/ecclesiae.de\/blog\/index.php?rest_route=\/wp\/v2\/posts"}],"about":[{"href":"https:\/\/ecclesiae.de\/blog\/index.php?rest_route=\/wp\/v2\/types\/post"}],"author":[{"embeddable":true,"href":"https:\/\/ecclesiae.de\/blog\/index.php?rest_route=\/wp\/v2\/users\/3"}],"replies":[{"embeddable":true,"href":"https:\/\/ecclesiae.de\/blog\/index.php?rest_route=%2Fwp%2Fv2%2Fcomments&post=386"}],"version-history":[{"count":1,"href":"https:\/\/ecclesiae.de\/blog\/index.php?rest_route=\/wp\/v2\/posts\/386\/revisions"}],"predecessor-version":[{"id":387,"href":"https:\/\/ecclesiae.de\/blog\/index.php?rest_route=\/wp\/v2\/posts\/386\/revisions\/387"}],"wp:attachment":[{"href":"https:\/\/ecclesiae.de\/blog\/index.php?rest_route=%2Fwp%2Fv2%2Fmedia&parent=386"}],"wp:term":[{"taxonomy":"category","embeddable":true,"href":"https:\/\/ecclesiae.de\/blog\/index.php?rest_route=%2Fwp%2Fv2%2Fcategories&post=386"},{"taxonomy":"post_tag","embeddable":true,"href":"https:\/\/ecclesiae.de\/blog\/index.php?rest_route=%2Fwp%2Fv2%2Ftags&post=386"}],"curies":[{"name":"wp","href":"https:\/\/api.w.org\/{rel}","templated":true}]}}