{"id":395,"date":"2012-05-18T00:00:00","date_gmt":"2012-05-18T00:00:00","guid":{"rendered":"http:\/\/ecclesiae.de\/blog\/?p=395"},"modified":"2012-02-10T14:54:58","modified_gmt":"2012-02-10T14:54:58","slug":"papstwort-des-tages-138","status":"publish","type":"post","link":"https:\/\/ecclesiae.de\/blog\/?p=395","title":{"rendered":"Papstwort des Tages"},"content":{"rendered":"<p>Wenn der Christ das Wort<\/p>\n<p>vom Frieden in den Mittelpunkt<\/p>\n<p>seines Lebens stellt, genie\u00dft<\/p>\n<p>er trotz aller M\u00fchen den inneren<\/p>\n<p>Frieden, da er von der<\/p>\n<p>g\u00f6ttlichen Gegenwart an seiner<\/p>\n<p>Seite \u00fcberzeugt ist.<\/p>\n","protected":false},"excerpt":{"rendered":"<p>Wenn der Christ das Wort vom Frieden in den Mittelpunkt seines Lebens stellt, genie\u00dft er trotz aller M\u00fchen den inneren Frieden, da er von der g\u00f6ttlichen Gegenwart an seiner Seite \u00fcberzeugt ist.<\/p>\n","protected":false},"author":3,"featured_media":0,"comment_status":"open","ping_status":"closed","sticky":false,"template":"","format":"standard","meta":{"footnotes":""},"categories":[1],"tags":[],"class_list":["post-395","post","type-post","status-publish","format-standard","hentry","category-uncategorized"],"_links":{"self":[{"href":"https:\/\/ecclesiae.de\/blog\/index.php?rest_route=\/wp\/v2\/posts\/395","targetHints":{"allow":["GET"]}}],"collection":[{"href":"https:\/\/ecclesiae.de\/blog\/index.php?rest_route=\/wp\/v2\/posts"}],"about":[{"href":"https:\/\/ecclesiae.de\/blog\/index.php?rest_route=\/wp\/v2\/types\/post"}],"author":[{"embeddable":true,"href":"https:\/\/ecclesiae.de\/blog\/index.php?rest_route=\/wp\/v2\/users\/3"}],"replies":[{"embeddable":true,"href":"https:\/\/ecclesiae.de\/blog\/index.php?rest_route=%2Fwp%2Fv2%2Fcomments&post=395"}],"version-history":[{"count":1,"href":"https:\/\/ecclesiae.de\/blog\/index.php?rest_route=\/wp\/v2\/posts\/395\/revisions"}],"predecessor-version":[{"id":396,"href":"https:\/\/ecclesiae.de\/blog\/index.php?rest_route=\/wp\/v2\/posts\/395\/revisions\/396"}],"wp:attachment":[{"href":"https:\/\/ecclesiae.de\/blog\/index.php?rest_route=%2Fwp%2Fv2%2Fmedia&parent=395"}],"wp:term":[{"taxonomy":"category","embeddable":true,"href":"https:\/\/ecclesiae.de\/blog\/index.php?rest_route=%2Fwp%2Fv2%2Fcategories&post=395"},{"taxonomy":"post_tag","embeddable":true,"href":"https:\/\/ecclesiae.de\/blog\/index.php?rest_route=%2Fwp%2Fv2%2Ftags&post=395"}],"curies":[{"name":"wp","href":"https:\/\/api.w.org\/{rel}","templated":true}]}}