{"id":4037,"date":"2015-12-07T00:01:27","date_gmt":"2015-12-07T00:01:27","guid":{"rendered":"http:\/\/ecclesiae.de\/blog\/?p=4037"},"modified":"2015-11-16T12:42:49","modified_gmt":"2015-11-16T12:42:49","slug":"07-dezember-gott-ruft-uns","status":"publish","type":"post","link":"https:\/\/ecclesiae.de\/blog\/?p=4037","title":{"rendered":"07. Dezember &#8211; Gott ruft uns"},"content":{"rendered":"<p><a href=\"https:\/\/ecclesiae.de\/blog\/wp-content\/uploads\/2015\/05\/DSCN0015.jpg\"><img loading=\"lazy\" decoding=\"async\" class=\"size-medium wp-image-3377 alignleft\" src=\"https:\/\/ecclesiae.de\/blog\/wp-content\/uploads\/2015\/05\/DSCN0015-225x300.jpg\" alt=\"DSCN0015\" width=\"225\" height=\"300\" srcset=\"https:\/\/ecclesiae.de\/blog\/wp-content\/uploads\/2015\/05\/DSCN0015-225x300.jpg 225w, https:\/\/ecclesiae.de\/blog\/wp-content\/uploads\/2015\/05\/DSCN0015-768x1024.jpg 768w, https:\/\/ecclesiae.de\/blog\/wp-content\/uploads\/2015\/05\/DSCN0015.jpg 1200w\" sizes=\"auto, (max-width: 225px) 100vw, 225px\" \/><\/a>Gott segnet uns. Wir sind also reichlich gesegnet. Daher k\u00f6nnen wir vertrauensvoll nach vorne schauen.<\/p>\n<p>Seien wir uns gewiss, dass wir unter der F\u00fchrung Gottes stehen.<\/p>\n<p>Vertrauen wir nur der Vorsehung Gottes, der jede Begegnung schon f\u00fcr uns vorgesehen hat.<\/p>\n","protected":false},"excerpt":{"rendered":"<p>Gott segnet uns. Wir sind also reichlich gesegnet. Daher k\u00f6nnen wir vertrauensvoll nach vorne schauen. Seien wir uns gewiss, dass wir unter der F\u00fchrung Gottes stehen. Vertrauen wir nur der Vorsehung Gottes, der jede Begegnung schon f\u00fcr uns vorgesehen hat.<\/p>\n","protected":false},"author":3,"featured_media":0,"comment_status":"open","ping_status":"closed","sticky":false,"template":"","format":"standard","meta":{"footnotes":""},"categories":[1],"tags":[],"class_list":["post-4037","post","type-post","status-publish","format-standard","hentry","category-uncategorized"],"_links":{"self":[{"href":"https:\/\/ecclesiae.de\/blog\/index.php?rest_route=\/wp\/v2\/posts\/4037","targetHints":{"allow":["GET"]}}],"collection":[{"href":"https:\/\/ecclesiae.de\/blog\/index.php?rest_route=\/wp\/v2\/posts"}],"about":[{"href":"https:\/\/ecclesiae.de\/blog\/index.php?rest_route=\/wp\/v2\/types\/post"}],"author":[{"embeddable":true,"href":"https:\/\/ecclesiae.de\/blog\/index.php?rest_route=\/wp\/v2\/users\/3"}],"replies":[{"embeddable":true,"href":"https:\/\/ecclesiae.de\/blog\/index.php?rest_route=%2Fwp%2Fv2%2Fcomments&post=4037"}],"version-history":[{"count":3,"href":"https:\/\/ecclesiae.de\/blog\/index.php?rest_route=\/wp\/v2\/posts\/4037\/revisions"}],"predecessor-version":[{"id":4100,"href":"https:\/\/ecclesiae.de\/blog\/index.php?rest_route=\/wp\/v2\/posts\/4037\/revisions\/4100"}],"wp:attachment":[{"href":"https:\/\/ecclesiae.de\/blog\/index.php?rest_route=%2Fwp%2Fv2%2Fmedia&parent=4037"}],"wp:term":[{"taxonomy":"category","embeddable":true,"href":"https:\/\/ecclesiae.de\/blog\/index.php?rest_route=%2Fwp%2Fv2%2Fcategories&post=4037"},{"taxonomy":"post_tag","embeddable":true,"href":"https:\/\/ecclesiae.de\/blog\/index.php?rest_route=%2Fwp%2Fv2%2Ftags&post=4037"}],"curies":[{"name":"wp","href":"https:\/\/api.w.org\/{rel}","templated":true}]}}