{"id":4993,"date":"2016-11-04T00:01:30","date_gmt":"2016-11-04T00:01:30","guid":{"rendered":"http:\/\/ecclesiae.de\/blog\/?p=4993"},"modified":"2016-09-30T14:33:29","modified_gmt":"2016-09-30T14:33:29","slug":"04-november-heiliges-jahr-der-barmherzigkeit","status":"publish","type":"post","link":"https:\/\/ecclesiae.de\/blog\/?p=4993","title":{"rendered":"04. November &#8211; Heiliges Jahr der Barmherzigkeit"},"content":{"rendered":"<p><a href=\"https:\/\/ecclesiae.de\/blog\/wp-content\/uploads\/2016\/08\/IMG_20160817_115853-2.jpg\"><img loading=\"lazy\" decoding=\"async\" class=\"size-medium wp-image-4897 alignleft\" src=\"https:\/\/ecclesiae.de\/blog\/wp-content\/uploads\/2016\/08\/IMG_20160817_115853-2-174x300.jpg\" alt=\"IMG_20160817_115853 (2)\" width=\"174\" height=\"300\" srcset=\"https:\/\/ecclesiae.de\/blog\/wp-content\/uploads\/2016\/08\/IMG_20160817_115853-2-174x300.jpg 174w, https:\/\/ecclesiae.de\/blog\/wp-content\/uploads\/2016\/08\/IMG_20160817_115853-2-768x1326.jpg 768w, https:\/\/ecclesiae.de\/blog\/wp-content\/uploads\/2016\/08\/IMG_20160817_115853-2-593x1024.jpg 593w, https:\/\/ecclesiae.de\/blog\/wp-content\/uploads\/2016\/08\/IMG_20160817_115853-2.jpg 1589w\" sizes=\"auto, (max-width: 174px) 100vw, 174px\" \/><\/a><\/p>\n<p style=\"text-align: center;\">\u201eGerade der schw\u00e4chste Mensch darf die gr\u00f6\u00dfte Hoffnung auf die gr\u00f6\u00dften Gnaden haben,<br \/>\nweil sich Gott dem Elend der Menschen anpasst.\u201c<\/p>\n<p style=\"text-align: center;\">(Theresia von Lisieux)<\/p>\n","protected":false},"excerpt":{"rendered":"<p>\u201eGerade der schw\u00e4chste Mensch darf die gr\u00f6\u00dfte Hoffnung auf die gr\u00f6\u00dften Gnaden haben, weil sich Gott dem Elend der Menschen anpasst.\u201c (Theresia von Lisieux)<\/p>\n","protected":false},"author":3,"featured_media":0,"comment_status":"open","ping_status":"closed","sticky":false,"template":"","format":"standard","meta":{"footnotes":""},"categories":[1],"tags":[],"class_list":["post-4993","post","type-post","status-publish","format-standard","hentry","category-uncategorized"],"_links":{"self":[{"href":"https:\/\/ecclesiae.de\/blog\/index.php?rest_route=\/wp\/v2\/posts\/4993","targetHints":{"allow":["GET"]}}],"collection":[{"href":"https:\/\/ecclesiae.de\/blog\/index.php?rest_route=\/wp\/v2\/posts"}],"about":[{"href":"https:\/\/ecclesiae.de\/blog\/index.php?rest_route=\/wp\/v2\/types\/post"}],"author":[{"embeddable":true,"href":"https:\/\/ecclesiae.de\/blog\/index.php?rest_route=\/wp\/v2\/users\/3"}],"replies":[{"embeddable":true,"href":"https:\/\/ecclesiae.de\/blog\/index.php?rest_route=%2Fwp%2Fv2%2Fcomments&post=4993"}],"version-history":[{"count":1,"href":"https:\/\/ecclesiae.de\/blog\/index.php?rest_route=\/wp\/v2\/posts\/4993\/revisions"}],"predecessor-version":[{"id":4994,"href":"https:\/\/ecclesiae.de\/blog\/index.php?rest_route=\/wp\/v2\/posts\/4993\/revisions\/4994"}],"wp:attachment":[{"href":"https:\/\/ecclesiae.de\/blog\/index.php?rest_route=%2Fwp%2Fv2%2Fmedia&parent=4993"}],"wp:term":[{"taxonomy":"category","embeddable":true,"href":"https:\/\/ecclesiae.de\/blog\/index.php?rest_route=%2Fwp%2Fv2%2Fcategories&post=4993"},{"taxonomy":"post_tag","embeddable":true,"href":"https:\/\/ecclesiae.de\/blog\/index.php?rest_route=%2Fwp%2Fv2%2Ftags&post=4993"}],"curies":[{"name":"wp","href":"https:\/\/api.w.org\/{rel}","templated":true}]}}