{"id":5170,"date":"2017-01-05T00:01:52","date_gmt":"2017-01-05T00:01:52","guid":{"rendered":"http:\/\/ecclesiae.de\/blog\/?p=5170"},"modified":"2016-12-12T11:27:19","modified_gmt":"2016-12-12T11:27:19","slug":"05-januar-100-jahre-fatima","status":"publish","type":"post","link":"https:\/\/ecclesiae.de\/blog\/?p=5170","title":{"rendered":"05. Januar &#8211; 100 Jahre Fatima"},"content":{"rendered":"<p><a href=\"https:\/\/ecclesiae.de\/blog\/wp-content\/uploads\/2016\/12\/IMAG1671.jpg\"><img loading=\"lazy\" decoding=\"async\" class=\"size-medium wp-image-5171 alignleft\" src=\"https:\/\/ecclesiae.de\/blog\/wp-content\/uploads\/2016\/12\/IMAG1671-170x300.jpg\" alt=\"\" width=\"170\" height=\"300\" srcset=\"https:\/\/ecclesiae.de\/blog\/wp-content\/uploads\/2016\/12\/IMAG1671-170x300.jpg 170w, https:\/\/ecclesiae.de\/blog\/wp-content\/uploads\/2016\/12\/IMAG1671-768x1358.jpg 768w, https:\/\/ecclesiae.de\/blog\/wp-content\/uploads\/2016\/12\/IMAG1671-579x1024.jpg 579w, https:\/\/ecclesiae.de\/blog\/wp-content\/uploads\/2016\/12\/IMAG1671.jpg 1520w\" sizes=\"auto, (max-width: 170px) 100vw, 170px\" \/><\/a><\/p>\n<p>&nbsp;<\/p>\n<p>Kommen wir immer wieder im Gebet zusammen. Es ist wie bei den Eichen. Eine einzelne Eiche f\u00e4llt um, wenn der Sturm kommt und sie keinen Schutz hat. Aber viele Eichen zusammen sind stark. Gott m\u00f6chte uns so reich beschenken. Er schenkt uns den Heiligen Geist in \u00dcberf\u00fclle, damit wir den neuen Himmel und die neue Erde sehen k\u00f6nnen.<\/p>\n","protected":false},"excerpt":{"rendered":"<p>&nbsp; Kommen wir immer wieder im Gebet zusammen. Es ist wie bei den Eichen. Eine einzelne Eiche f\u00e4llt um, wenn der Sturm kommt und sie keinen Schutz hat. Aber viele Eichen zusammen sind stark. Gott m\u00f6chte uns so reich beschenken. &hellip; <a href=\"https:\/\/ecclesiae.de\/blog\/?p=5170\">Weiterlesen <span class=\"meta-nav\">&rarr;<\/span><\/a><\/p>\n","protected":false},"author":3,"featured_media":0,"comment_status":"open","ping_status":"closed","sticky":false,"template":"","format":"standard","meta":{"footnotes":""},"categories":[1],"tags":[],"class_list":["post-5170","post","type-post","status-publish","format-standard","hentry","category-uncategorized"],"_links":{"self":[{"href":"https:\/\/ecclesiae.de\/blog\/index.php?rest_route=\/wp\/v2\/posts\/5170","targetHints":{"allow":["GET"]}}],"collection":[{"href":"https:\/\/ecclesiae.de\/blog\/index.php?rest_route=\/wp\/v2\/posts"}],"about":[{"href":"https:\/\/ecclesiae.de\/blog\/index.php?rest_route=\/wp\/v2\/types\/post"}],"author":[{"embeddable":true,"href":"https:\/\/ecclesiae.de\/blog\/index.php?rest_route=\/wp\/v2\/users\/3"}],"replies":[{"embeddable":true,"href":"https:\/\/ecclesiae.de\/blog\/index.php?rest_route=%2Fwp%2Fv2%2Fcomments&post=5170"}],"version-history":[{"count":1,"href":"https:\/\/ecclesiae.de\/blog\/index.php?rest_route=\/wp\/v2\/posts\/5170\/revisions"}],"predecessor-version":[{"id":5172,"href":"https:\/\/ecclesiae.de\/blog\/index.php?rest_route=\/wp\/v2\/posts\/5170\/revisions\/5172"}],"wp:attachment":[{"href":"https:\/\/ecclesiae.de\/blog\/index.php?rest_route=%2Fwp%2Fv2%2Fmedia&parent=5170"}],"wp:term":[{"taxonomy":"category","embeddable":true,"href":"https:\/\/ecclesiae.de\/blog\/index.php?rest_route=%2Fwp%2Fv2%2Fcategories&post=5170"},{"taxonomy":"post_tag","embeddable":true,"href":"https:\/\/ecclesiae.de\/blog\/index.php?rest_route=%2Fwp%2Fv2%2Ftags&post=5170"}],"curies":[{"name":"wp","href":"https:\/\/api.w.org\/{rel}","templated":true}]}}