{"id":5173,"date":"2017-01-06T00:01:23","date_gmt":"2017-01-06T00:01:23","guid":{"rendered":"http:\/\/ecclesiae.de\/blog\/?p=5173"},"modified":"2016-12-12T11:29:49","modified_gmt":"2016-12-12T11:29:49","slug":"06-januar-100-jahre-fatima","status":"publish","type":"post","link":"https:\/\/ecclesiae.de\/blog\/?p=5173","title":{"rendered":"06. Januar &#8211; 100 Jahre Fatima"},"content":{"rendered":"<p><a href=\"https:\/\/ecclesiae.de\/blog\/wp-content\/uploads\/2016\/12\/DSCN0051.jpg\"><img loading=\"lazy\" decoding=\"async\" class=\"size-medium wp-image-5174 alignleft\" src=\"https:\/\/ecclesiae.de\/blog\/wp-content\/uploads\/2016\/12\/DSCN0051-300x225.jpg\" alt=\"\" width=\"300\" height=\"225\" srcset=\"https:\/\/ecclesiae.de\/blog\/wp-content\/uploads\/2016\/12\/DSCN0051-300x225.jpg 300w, https:\/\/ecclesiae.de\/blog\/wp-content\/uploads\/2016\/12\/DSCN0051-768x576.jpg 768w, https:\/\/ecclesiae.de\/blog\/wp-content\/uploads\/2016\/12\/DSCN0051-1024x768.jpg 1024w, https:\/\/ecclesiae.de\/blog\/wp-content\/uploads\/2016\/12\/DSCN0051-400x300.jpg 400w, https:\/\/ecclesiae.de\/blog\/wp-content\/uploads\/2016\/12\/DSCN0051.jpg 1600w\" sizes=\"auto, (max-width: 300px) 100vw, 300px\" \/><\/a>Wir sind die Werkzeuge Gottes. So stellen wir uns ganz in den Willen Gottes und geben unser JA zu seinem Willen. Dann kann sich der Wunsch Mariens erf\u00fcllen:<br \/>\n\u201eIch will mit euren Herzen lieben, mit euren Augen schauen, mit euren Lippen tr\u00f6sten und ermutigen, mit euren H\u00e4nden helfen, mit euren F\u00fc\u00dfen gehen\u2026\u201c<\/p>\n","protected":false},"excerpt":{"rendered":"<p>Wir sind die Werkzeuge Gottes. So stellen wir uns ganz in den Willen Gottes und geben unser JA zu seinem Willen. Dann kann sich der Wunsch Mariens erf\u00fcllen: \u201eIch will mit euren Herzen lieben, mit euren Augen schauen, mit euren &hellip; <a href=\"https:\/\/ecclesiae.de\/blog\/?p=5173\">Weiterlesen <span class=\"meta-nav\">&rarr;<\/span><\/a><\/p>\n","protected":false},"author":3,"featured_media":0,"comment_status":"open","ping_status":"closed","sticky":false,"template":"","format":"standard","meta":{"footnotes":""},"categories":[1],"tags":[],"class_list":["post-5173","post","type-post","status-publish","format-standard","hentry","category-uncategorized"],"_links":{"self":[{"href":"https:\/\/ecclesiae.de\/blog\/index.php?rest_route=\/wp\/v2\/posts\/5173","targetHints":{"allow":["GET"]}}],"collection":[{"href":"https:\/\/ecclesiae.de\/blog\/index.php?rest_route=\/wp\/v2\/posts"}],"about":[{"href":"https:\/\/ecclesiae.de\/blog\/index.php?rest_route=\/wp\/v2\/types\/post"}],"author":[{"embeddable":true,"href":"https:\/\/ecclesiae.de\/blog\/index.php?rest_route=\/wp\/v2\/users\/3"}],"replies":[{"embeddable":true,"href":"https:\/\/ecclesiae.de\/blog\/index.php?rest_route=%2Fwp%2Fv2%2Fcomments&post=5173"}],"version-history":[{"count":1,"href":"https:\/\/ecclesiae.de\/blog\/index.php?rest_route=\/wp\/v2\/posts\/5173\/revisions"}],"predecessor-version":[{"id":5175,"href":"https:\/\/ecclesiae.de\/blog\/index.php?rest_route=\/wp\/v2\/posts\/5173\/revisions\/5175"}],"wp:attachment":[{"href":"https:\/\/ecclesiae.de\/blog\/index.php?rest_route=%2Fwp%2Fv2%2Fmedia&parent=5173"}],"wp:term":[{"taxonomy":"category","embeddable":true,"href":"https:\/\/ecclesiae.de\/blog\/index.php?rest_route=%2Fwp%2Fv2%2Fcategories&post=5173"},{"taxonomy":"post_tag","embeddable":true,"href":"https:\/\/ecclesiae.de\/blog\/index.php?rest_route=%2Fwp%2Fv2%2Ftags&post=5173"}],"curies":[{"name":"wp","href":"https:\/\/api.w.org\/{rel}","templated":true}]}}