{"id":5252,"date":"2017-01-24T00:01:42","date_gmt":"2017-01-24T00:01:42","guid":{"rendered":"http:\/\/ecclesiae.de\/blog\/?p=5252"},"modified":"2016-12-31T13:33:49","modified_gmt":"2016-12-31T13:33:49","slug":"24-januar-100-jahre-fatima","status":"publish","type":"post","link":"https:\/\/ecclesiae.de\/blog\/?p=5252","title":{"rendered":"24. Januar &#8211; 100 Jahre Fatima"},"content":{"rendered":"<p><a href=\"https:\/\/ecclesiae.de\/blog\/wp-content\/uploads\/2016\/12\/IMAG1673.jpg\"><img loading=\"lazy\" decoding=\"async\" class=\"size-medium wp-image-5253 alignleft\" src=\"https:\/\/ecclesiae.de\/blog\/wp-content\/uploads\/2016\/12\/IMAG1673-300x170.jpg\" alt=\"\" width=\"300\" height=\"170\" srcset=\"https:\/\/ecclesiae.de\/blog\/wp-content\/uploads\/2016\/12\/IMAG1673-300x170.jpg 300w, https:\/\/ecclesiae.de\/blog\/wp-content\/uploads\/2016\/12\/IMAG1673-768x434.jpg 768w, https:\/\/ecclesiae.de\/blog\/wp-content\/uploads\/2016\/12\/IMAG1673-1024x579.jpg 1024w, https:\/\/ecclesiae.de\/blog\/wp-content\/uploads\/2016\/12\/IMAG1673-500x283.jpg 500w\" sizes=\"auto, (max-width: 300px) 100vw, 300px\" \/><\/a>Gie\u00dfen wir immer wieder Balsam auf die Wunden Jesu, indem wir uns in seinem Namen versammeln und das Evangelium leben. Die Bedr\u00e4ngung ist gro\u00df. Fl\u00fcchten wir uns immer mehr in das heiligste Herz Jesu und das Unbefleckte Herz Mariens. Sie werden uns den inneren Frieden schenken, nach dem wir so sehr verlangen.<\/p>\n","protected":false},"excerpt":{"rendered":"<p>Gie\u00dfen wir immer wieder Balsam auf die Wunden Jesu, indem wir uns in seinem Namen versammeln und das Evangelium leben. Die Bedr\u00e4ngung ist gro\u00df. Fl\u00fcchten wir uns immer mehr in das heiligste Herz Jesu und das Unbefleckte Herz Mariens. Sie &hellip; <a href=\"https:\/\/ecclesiae.de\/blog\/?p=5252\">Weiterlesen <span class=\"meta-nav\">&rarr;<\/span><\/a><\/p>\n","protected":false},"author":3,"featured_media":0,"comment_status":"open","ping_status":"closed","sticky":false,"template":"","format":"standard","meta":{"footnotes":""},"categories":[1],"tags":[],"class_list":["post-5252","post","type-post","status-publish","format-standard","hentry","category-uncategorized"],"_links":{"self":[{"href":"https:\/\/ecclesiae.de\/blog\/index.php?rest_route=\/wp\/v2\/posts\/5252","targetHints":{"allow":["GET"]}}],"collection":[{"href":"https:\/\/ecclesiae.de\/blog\/index.php?rest_route=\/wp\/v2\/posts"}],"about":[{"href":"https:\/\/ecclesiae.de\/blog\/index.php?rest_route=\/wp\/v2\/types\/post"}],"author":[{"embeddable":true,"href":"https:\/\/ecclesiae.de\/blog\/index.php?rest_route=\/wp\/v2\/users\/3"}],"replies":[{"embeddable":true,"href":"https:\/\/ecclesiae.de\/blog\/index.php?rest_route=%2Fwp%2Fv2%2Fcomments&post=5252"}],"version-history":[{"count":1,"href":"https:\/\/ecclesiae.de\/blog\/index.php?rest_route=\/wp\/v2\/posts\/5252\/revisions"}],"predecessor-version":[{"id":5254,"href":"https:\/\/ecclesiae.de\/blog\/index.php?rest_route=\/wp\/v2\/posts\/5252\/revisions\/5254"}],"wp:attachment":[{"href":"https:\/\/ecclesiae.de\/blog\/index.php?rest_route=%2Fwp%2Fv2%2Fmedia&parent=5252"}],"wp:term":[{"taxonomy":"category","embeddable":true,"href":"https:\/\/ecclesiae.de\/blog\/index.php?rest_route=%2Fwp%2Fv2%2Fcategories&post=5252"},{"taxonomy":"post_tag","embeddable":true,"href":"https:\/\/ecclesiae.de\/blog\/index.php?rest_route=%2Fwp%2Fv2%2Ftags&post=5252"}],"curies":[{"name":"wp","href":"https:\/\/api.w.org\/{rel}","templated":true}]}}