{"id":5255,"date":"2017-01-25T00:01:57","date_gmt":"2017-01-25T00:01:57","guid":{"rendered":"http:\/\/ecclesiae.de\/blog\/?p=5255"},"modified":"2016-12-31T13:35:56","modified_gmt":"2016-12-31T13:35:56","slug":"25-januar-100-jahre-fatima","status":"publish","type":"post","link":"https:\/\/ecclesiae.de\/blog\/?p=5255","title":{"rendered":"25. Januar &#8211; 100 Jahre Fatima"},"content":{"rendered":"<p><a href=\"https:\/\/ecclesiae.de\/blog\/wp-content\/uploads\/2015\/01\/Kinder67.jpg\"><img loading=\"lazy\" decoding=\"async\" class=\"size-medium wp-image-3037 alignleft\" src=\"https:\/\/ecclesiae.de\/blog\/wp-content\/uploads\/2015\/01\/Kinder67-177x300.jpg\" alt=\"\" width=\"177\" height=\"300\" srcset=\"https:\/\/ecclesiae.de\/blog\/wp-content\/uploads\/2015\/01\/Kinder67-177x300.jpg 177w, https:\/\/ecclesiae.de\/blog\/wp-content\/uploads\/2015\/01\/Kinder67.jpg 295w\" sizes=\"auto, (max-width: 177px) 100vw, 177px\" \/><\/a><\/p>\n<p>&nbsp;<\/p>\n<p style=\"text-align: center;\">Das Gebet wird so oft vernachl\u00e4ssigt. Dabei k\u00f6nnten wir unsere himmlische Mutter gerade durch die Treue im Gebet so sehr tr\u00f6sten. Lassen wir uns nicht zu sehr durch die Alltagsbetriebsamkeiten von Gott ablenken. Schenken wir ihm all unser Tun und Lassen. So sind wir 24 Stunden t\u00e4glich mit ihm vereint.<\/p>\n","protected":false},"excerpt":{"rendered":"<p>&nbsp; Das Gebet wird so oft vernachl\u00e4ssigt. Dabei k\u00f6nnten wir unsere himmlische Mutter gerade durch die Treue im Gebet so sehr tr\u00f6sten. Lassen wir uns nicht zu sehr durch die Alltagsbetriebsamkeiten von Gott ablenken. Schenken wir ihm all unser Tun &hellip; <a href=\"https:\/\/ecclesiae.de\/blog\/?p=5255\">Weiterlesen <span class=\"meta-nav\">&rarr;<\/span><\/a><\/p>\n","protected":false},"author":3,"featured_media":0,"comment_status":"open","ping_status":"closed","sticky":false,"template":"","format":"standard","meta":{"footnotes":""},"categories":[1],"tags":[],"class_list":["post-5255","post","type-post","status-publish","format-standard","hentry","category-uncategorized"],"_links":{"self":[{"href":"https:\/\/ecclesiae.de\/blog\/index.php?rest_route=\/wp\/v2\/posts\/5255","targetHints":{"allow":["GET"]}}],"collection":[{"href":"https:\/\/ecclesiae.de\/blog\/index.php?rest_route=\/wp\/v2\/posts"}],"about":[{"href":"https:\/\/ecclesiae.de\/blog\/index.php?rest_route=\/wp\/v2\/types\/post"}],"author":[{"embeddable":true,"href":"https:\/\/ecclesiae.de\/blog\/index.php?rest_route=\/wp\/v2\/users\/3"}],"replies":[{"embeddable":true,"href":"https:\/\/ecclesiae.de\/blog\/index.php?rest_route=%2Fwp%2Fv2%2Fcomments&post=5255"}],"version-history":[{"count":1,"href":"https:\/\/ecclesiae.de\/blog\/index.php?rest_route=\/wp\/v2\/posts\/5255\/revisions"}],"predecessor-version":[{"id":5256,"href":"https:\/\/ecclesiae.de\/blog\/index.php?rest_route=\/wp\/v2\/posts\/5255\/revisions\/5256"}],"wp:attachment":[{"href":"https:\/\/ecclesiae.de\/blog\/index.php?rest_route=%2Fwp%2Fv2%2Fmedia&parent=5255"}],"wp:term":[{"taxonomy":"category","embeddable":true,"href":"https:\/\/ecclesiae.de\/blog\/index.php?rest_route=%2Fwp%2Fv2%2Fcategories&post=5255"},{"taxonomy":"post_tag","embeddable":true,"href":"https:\/\/ecclesiae.de\/blog\/index.php?rest_route=%2Fwp%2Fv2%2Ftags&post=5255"}],"curies":[{"name":"wp","href":"https:\/\/api.w.org\/{rel}","templated":true}]}}