{"id":5257,"date":"2017-01-26T00:01:03","date_gmt":"2017-01-26T00:01:03","guid":{"rendered":"http:\/\/ecclesiae.de\/blog\/?p=5257"},"modified":"2016-12-31T13:37:39","modified_gmt":"2016-12-31T13:37:39","slug":"26-januar-100-jahre-fatima","status":"publish","type":"post","link":"https:\/\/ecclesiae.de\/blog\/?p=5257","title":{"rendered":"26. Januar &#8211; 100 Jahre Fatima"},"content":{"rendered":"<p><a href=\"https:\/\/ecclesiae.de\/blog\/wp-content\/uploads\/2016\/12\/ULF_von_Fatima2-q-af-1.jpg\"><img loading=\"lazy\" decoding=\"async\" class=\"size-medium wp-image-5258 alignleft\" src=\"https:\/\/ecclesiae.de\/blog\/wp-content\/uploads\/2016\/12\/ULF_von_Fatima2-q-af-1-205x300.jpg\" alt=\"\" width=\"205\" height=\"300\" srcset=\"https:\/\/ecclesiae.de\/blog\/wp-content\/uploads\/2016\/12\/ULF_von_Fatima2-q-af-1-205x300.jpg 205w, https:\/\/ecclesiae.de\/blog\/wp-content\/uploads\/2016\/12\/ULF_von_Fatima2-q-af-1.jpg 247w\" sizes=\"auto, (max-width: 205px) 100vw, 205px\" \/><\/a>Wie k\u00f6nnen wir das Unbefleckte Herz Mariens verherrlichen?<\/p>\n<p>\u201e<em>Mein Unbeflecktes Herz<\/em> wird von euch verherrlicht, wenn\u00a0 ihr euch mit Gef\u00fcgigkeit auf dem Weg der Reinheit, der Liebe und der Heiligkeit f\u00fchren lasst.<\/p>\n<p><em>Mein Unbeflecktes Herz<\/em> wird von euch verherrlicht, wenn ihr allen ein t\u00e4gliches Zeugnis der heroischen Treue zu Christus und zu seinem Evangelium schenkt und dabei heute mutige Zeugen des Glaubens werdet.<\/p>\n<p><em>Mein Unbeflecktes Herz<\/em> wird von euch verherrlicht, wenn ihr f\u00fcr die starke Einheit mit dem Papst und f\u00fcr den vollkommenen Gehorsam seinem Lehramt gegen\u00fcber ein Beispiel gebt<\/p>\n<p><em>Mein Unbeflecktes Herz <\/em>wird von euch verherrlicht, wenn ihr euch total zur vollen Verf\u00fcgung f\u00fcr die geistigen N\u00f6te de Seelen stellt, und dabei besonders euer priesterliches Dienstamt im Sakrament der Vers\u00f6hnung und der Bu\u00dfe dauernd aus\u00fcbt.<\/p>\n<p><em>Mein Unbeflecktes Herz<\/em> wird von euch verherrlicht, wenn ihr brennende Flammen der Liebe und des Eifers f\u00fcr Jesus, der in der Eucharistie gegenw\u00e4rtig ist, werdet, wenn ihr all Seelen, die euch anvertraut sind, zu ihm bringt und wenn ihr die feierlichen Stunden der Anbetung und der S\u00fchne vervielf\u00e4ltigt, indem ihr das Heiligste Sakrament auf dem Altar au: setzt und es mit Lichtern und Blumen als Kennzeichen eure Fr\u00f6mmigkeit umgebt.<\/p>\n<p>M<em>ein Unbeflecktes Herz <\/em>wird von euch verherrlicht, wenn ihr \u00fcberall die Gebetsz\u00f6nakel, die zusammen mit mir gehalten werden und die ich von euch erbeten habe, vervielf\u00e4ltigt unter den Priestern, unter den Gl\u00e4ubigen, den Jugendlichen, und unter den Kindern und in den Familien.\u201c<br \/>\n(Q.: An die Priester die vielgeliebten S\u00f6hne der Muttergottes. 10. Auflage S. 961 \u2013 962)<\/p>\n","protected":false},"excerpt":{"rendered":"<p>Wie k\u00f6nnen wir das Unbefleckte Herz Mariens verherrlichen? \u201eMein Unbeflecktes Herz wird von euch verherrlicht, wenn\u00a0 ihr euch mit Gef\u00fcgigkeit auf dem Weg der Reinheit, der Liebe und der Heiligkeit f\u00fchren lasst. Mein Unbeflecktes Herz wird von euch verherrlicht, wenn &hellip; <a href=\"https:\/\/ecclesiae.de\/blog\/?p=5257\">Weiterlesen <span class=\"meta-nav\">&rarr;<\/span><\/a><\/p>\n","protected":false},"author":3,"featured_media":0,"comment_status":"open","ping_status":"closed","sticky":false,"template":"","format":"standard","meta":{"footnotes":""},"categories":[1],"tags":[],"class_list":["post-5257","post","type-post","status-publish","format-standard","hentry","category-uncategorized"],"_links":{"self":[{"href":"https:\/\/ecclesiae.de\/blog\/index.php?rest_route=\/wp\/v2\/posts\/5257","targetHints":{"allow":["GET"]}}],"collection":[{"href":"https:\/\/ecclesiae.de\/blog\/index.php?rest_route=\/wp\/v2\/posts"}],"about":[{"href":"https:\/\/ecclesiae.de\/blog\/index.php?rest_route=\/wp\/v2\/types\/post"}],"author":[{"embeddable":true,"href":"https:\/\/ecclesiae.de\/blog\/index.php?rest_route=\/wp\/v2\/users\/3"}],"replies":[{"embeddable":true,"href":"https:\/\/ecclesiae.de\/blog\/index.php?rest_route=%2Fwp%2Fv2%2Fcomments&post=5257"}],"version-history":[{"count":1,"href":"https:\/\/ecclesiae.de\/blog\/index.php?rest_route=\/wp\/v2\/posts\/5257\/revisions"}],"predecessor-version":[{"id":5259,"href":"https:\/\/ecclesiae.de\/blog\/index.php?rest_route=\/wp\/v2\/posts\/5257\/revisions\/5259"}],"wp:attachment":[{"href":"https:\/\/ecclesiae.de\/blog\/index.php?rest_route=%2Fwp%2Fv2%2Fmedia&parent=5257"}],"wp:term":[{"taxonomy":"category","embeddable":true,"href":"https:\/\/ecclesiae.de\/blog\/index.php?rest_route=%2Fwp%2Fv2%2Fcategories&post=5257"},{"taxonomy":"post_tag","embeddable":true,"href":"https:\/\/ecclesiae.de\/blog\/index.php?rest_route=%2Fwp%2Fv2%2Ftags&post=5257"}],"curies":[{"name":"wp","href":"https:\/\/api.w.org\/{rel}","templated":true}]}}