{"id":5262,"date":"2017-01-28T00:01:52","date_gmt":"2017-01-28T00:01:52","guid":{"rendered":"http:\/\/ecclesiae.de\/blog\/?p=5262"},"modified":"2016-12-31T13:42:30","modified_gmt":"2016-12-31T13:42:30","slug":"28-januar-100-jahre-fatima","status":"publish","type":"post","link":"https:\/\/ecclesiae.de\/blog\/?p=5262","title":{"rendered":"28. Januar &#8211; 100 Jahre Fatima"},"content":{"rendered":"<p><a href=\"https:\/\/ecclesiae.de\/blog\/wp-content\/uploads\/2015\/01\/IMG1502.jpg\"><img loading=\"lazy\" decoding=\"async\" class=\"size-medium wp-image-2921 alignleft\" src=\"https:\/\/ecclesiae.de\/blog\/wp-content\/uploads\/2015\/01\/IMG1502-300x225.jpg\" alt=\"\" width=\"300\" height=\"225\" srcset=\"https:\/\/ecclesiae.de\/blog\/wp-content\/uploads\/2015\/01\/IMG1502-300x225.jpg 300w, https:\/\/ecclesiae.de\/blog\/wp-content\/uploads\/2015\/01\/IMG1502-1024x768.jpg 1024w, https:\/\/ecclesiae.de\/blog\/wp-content\/uploads\/2015\/01\/IMG1502-400x300.jpg 400w\" sizes=\"auto, (max-width: 300px) 100vw, 300px\" \/><\/a>\u00d6ffnen wir unsere Ohren f\u00fcr den Ruf Gottes, damit wir nicht taub bleiben.<\/p>\n<p>Lassen wir uns immer wieder durch das Beispiel der Kleinen (z.B. Hirten in Bethlehem) anstecken. Ja, h\u00f6ren wir auf unser Herz und verschlie\u00dfen wir es nicht f\u00fcr den Anruf Gottes. Bereiten wir uns auf die Wiederkunft Jesu in Herrlichkeit vor.<\/p>\n","protected":false},"excerpt":{"rendered":"<p>\u00d6ffnen wir unsere Ohren f\u00fcr den Ruf Gottes, damit wir nicht taub bleiben. Lassen wir uns immer wieder durch das Beispiel der Kleinen (z.B. Hirten in Bethlehem) anstecken. Ja, h\u00f6ren wir auf unser Herz und verschlie\u00dfen wir es nicht f\u00fcr &hellip; <a href=\"https:\/\/ecclesiae.de\/blog\/?p=5262\">Weiterlesen <span class=\"meta-nav\">&rarr;<\/span><\/a><\/p>\n","protected":false},"author":3,"featured_media":0,"comment_status":"open","ping_status":"closed","sticky":false,"template":"","format":"standard","meta":{"footnotes":""},"categories":[1],"tags":[],"class_list":["post-5262","post","type-post","status-publish","format-standard","hentry","category-uncategorized"],"_links":{"self":[{"href":"https:\/\/ecclesiae.de\/blog\/index.php?rest_route=\/wp\/v2\/posts\/5262","targetHints":{"allow":["GET"]}}],"collection":[{"href":"https:\/\/ecclesiae.de\/blog\/index.php?rest_route=\/wp\/v2\/posts"}],"about":[{"href":"https:\/\/ecclesiae.de\/blog\/index.php?rest_route=\/wp\/v2\/types\/post"}],"author":[{"embeddable":true,"href":"https:\/\/ecclesiae.de\/blog\/index.php?rest_route=\/wp\/v2\/users\/3"}],"replies":[{"embeddable":true,"href":"https:\/\/ecclesiae.de\/blog\/index.php?rest_route=%2Fwp%2Fv2%2Fcomments&post=5262"}],"version-history":[{"count":1,"href":"https:\/\/ecclesiae.de\/blog\/index.php?rest_route=\/wp\/v2\/posts\/5262\/revisions"}],"predecessor-version":[{"id":5263,"href":"https:\/\/ecclesiae.de\/blog\/index.php?rest_route=\/wp\/v2\/posts\/5262\/revisions\/5263"}],"wp:attachment":[{"href":"https:\/\/ecclesiae.de\/blog\/index.php?rest_route=%2Fwp%2Fv2%2Fmedia&parent=5262"}],"wp:term":[{"taxonomy":"category","embeddable":true,"href":"https:\/\/ecclesiae.de\/blog\/index.php?rest_route=%2Fwp%2Fv2%2Fcategories&post=5262"},{"taxonomy":"post_tag","embeddable":true,"href":"https:\/\/ecclesiae.de\/blog\/index.php?rest_route=%2Fwp%2Fv2%2Ftags&post=5262"}],"curies":[{"name":"wp","href":"https:\/\/api.w.org\/{rel}","templated":true}]}}