{"id":6186,"date":"2018-01-11T00:01:21","date_gmt":"2018-01-11T00:01:21","guid":{"rendered":"http:\/\/ecclesiae.de\/blog\/?p=6186"},"modified":"2017-12-08T14:34:01","modified_gmt":"2017-12-08T14:34:01","slug":"11-januar","status":"publish","type":"post","link":"https:\/\/ecclesiae.de\/blog\/?p=6186","title":{"rendered":"11-Januar"},"content":{"rendered":"<p style=\"text-align: center;\"><a href=\"https:\/\/ecclesiae.de\/blog\/wp-content\/uploads\/2014\/11\/Herzen.gif\"><img loading=\"lazy\" decoding=\"async\" class=\"size-full wp-image-2797 alignleft\" src=\"https:\/\/ecclesiae.de\/blog\/wp-content\/uploads\/2014\/11\/Herzen.gif\" alt=\"\" width=\"138\" height=\"117\" \/><\/a>\u201eDas Blut hat eine laute Stimme, nicht nur das Blut Abels, sondern auch das Blut all jener, die f\u00fcr den Herrn get\u00f6tet wurden. Die Stimme ihres Blutes ist die Standhaftigkeit im Glauben, die Glut der Liebe, um derentwillen sie f\u00fcr den Herrn leiden durften. Es schreit von der Erde zum Herrn.\u201c<br \/>\nBeda Venerabilis (+ 735)<\/p>\n<p style=\"text-align: center;\">(Aus dem Lektionar. Mehr dazu findet man <a href=\"http:\/\/vulgata.info\/index.php?title=Kategorie:Stundenbuch:Lesung\/Lesehore1.Woche:Donnerstag\">hier<\/a>.)<\/p>\n<p>&nbsp;<\/p>\n","protected":false},"excerpt":{"rendered":"<p>\u201eDas Blut hat eine laute Stimme, nicht nur das Blut Abels, sondern auch das Blut all jener, die f\u00fcr den Herrn get\u00f6tet wurden. Die Stimme ihres Blutes ist die Standhaftigkeit im Glauben, die Glut der Liebe, um derentwillen sie f\u00fcr &hellip; <a href=\"https:\/\/ecclesiae.de\/blog\/?p=6186\">Weiterlesen <span class=\"meta-nav\">&rarr;<\/span><\/a><\/p>\n","protected":false},"author":3,"featured_media":0,"comment_status":"open","ping_status":"closed","sticky":false,"template":"","format":"standard","meta":{"footnotes":""},"categories":[1],"tags":[],"class_list":["post-6186","post","type-post","status-publish","format-standard","hentry","category-uncategorized"],"_links":{"self":[{"href":"https:\/\/ecclesiae.de\/blog\/index.php?rest_route=\/wp\/v2\/posts\/6186","targetHints":{"allow":["GET"]}}],"collection":[{"href":"https:\/\/ecclesiae.de\/blog\/index.php?rest_route=\/wp\/v2\/posts"}],"about":[{"href":"https:\/\/ecclesiae.de\/blog\/index.php?rest_route=\/wp\/v2\/types\/post"}],"author":[{"embeddable":true,"href":"https:\/\/ecclesiae.de\/blog\/index.php?rest_route=\/wp\/v2\/users\/3"}],"replies":[{"embeddable":true,"href":"https:\/\/ecclesiae.de\/blog\/index.php?rest_route=%2Fwp%2Fv2%2Fcomments&post=6186"}],"version-history":[{"count":1,"href":"https:\/\/ecclesiae.de\/blog\/index.php?rest_route=\/wp\/v2\/posts\/6186\/revisions"}],"predecessor-version":[{"id":6187,"href":"https:\/\/ecclesiae.de\/blog\/index.php?rest_route=\/wp\/v2\/posts\/6186\/revisions\/6187"}],"wp:attachment":[{"href":"https:\/\/ecclesiae.de\/blog\/index.php?rest_route=%2Fwp%2Fv2%2Fmedia&parent=6186"}],"wp:term":[{"taxonomy":"category","embeddable":true,"href":"https:\/\/ecclesiae.de\/blog\/index.php?rest_route=%2Fwp%2Fv2%2Fcategories&post=6186"},{"taxonomy":"post_tag","embeddable":true,"href":"https:\/\/ecclesiae.de\/blog\/index.php?rest_route=%2Fwp%2Fv2%2Ftags&post=6186"}],"curies":[{"name":"wp","href":"https:\/\/api.w.org\/{rel}","templated":true}]}}