{"id":6215,"date":"2018-01-20T00:01:29","date_gmt":"2018-01-20T00:01:29","guid":{"rendered":"http:\/\/ecclesiae.de\/blog\/?p=6215"},"modified":"2017-12-27T15:46:08","modified_gmt":"2017-12-27T15:46:08","slug":"20-januar","status":"publish","type":"post","link":"https:\/\/ecclesiae.de\/blog\/?p=6215","title":{"rendered":"20 &#8211; Januar"},"content":{"rendered":"<p style=\"text-align: center;\"><a href=\"https:\/\/ecclesiae.de\/blog\/wp-content\/uploads\/2016\/12\/27-2.jpg\"><img loading=\"lazy\" decoding=\"async\" class=\"size-full wp-image-5202 alignleft\" src=\"https:\/\/ecclesiae.de\/blog\/wp-content\/uploads\/2016\/12\/27-2.jpg\" alt=\"\" width=\"201\" height=\"119\" \/><\/a>\u201eDie Witwen oder die Bedr\u00e4ngten, die sich selbst nicht helfen k\u00f6nnen, jene, die im Gef\u00e4ngnis sind und die ihre Stellung verloren haben, sie m\u00fcssen selbstverst\u00e4ndlich Menschen haben, die f\u00fcr sie sorgen. Auch die Katechumenen, die von Schw\u00e4che erfasst werden, d\u00fcrfen nicht die Entt\u00e4uschung erleben, dass keiner ihnen hilft.\u201c<\/p>\n<p style=\"text-align: center;\">(Aus den <a href=\"http:\/\/vulgata.info\/index.php?title=Kategorie:Stundenbuch:Lesung\/Lesehore20.Januar2\">Briefen des hl. Cyprian<\/a> und der r\u00f6mischen Kirche)<\/p>\n","protected":false},"excerpt":{"rendered":"<p>\u201eDie Witwen oder die Bedr\u00e4ngten, die sich selbst nicht helfen k\u00f6nnen, jene, die im Gef\u00e4ngnis sind und die ihre Stellung verloren haben, sie m\u00fcssen selbstverst\u00e4ndlich Menschen haben, die f\u00fcr sie sorgen. Auch die Katechumenen, die von Schw\u00e4che erfasst werden, d\u00fcrfen &hellip; <a href=\"https:\/\/ecclesiae.de\/blog\/?p=6215\">Weiterlesen <span class=\"meta-nav\">&rarr;<\/span><\/a><\/p>\n","protected":false},"author":3,"featured_media":0,"comment_status":"open","ping_status":"closed","sticky":false,"template":"","format":"standard","meta":{"footnotes":""},"categories":[1],"tags":[],"class_list":["post-6215","post","type-post","status-publish","format-standard","hentry","category-uncategorized"],"_links":{"self":[{"href":"https:\/\/ecclesiae.de\/blog\/index.php?rest_route=\/wp\/v2\/posts\/6215","targetHints":{"allow":["GET"]}}],"collection":[{"href":"https:\/\/ecclesiae.de\/blog\/index.php?rest_route=\/wp\/v2\/posts"}],"about":[{"href":"https:\/\/ecclesiae.de\/blog\/index.php?rest_route=\/wp\/v2\/types\/post"}],"author":[{"embeddable":true,"href":"https:\/\/ecclesiae.de\/blog\/index.php?rest_route=\/wp\/v2\/users\/3"}],"replies":[{"embeddable":true,"href":"https:\/\/ecclesiae.de\/blog\/index.php?rest_route=%2Fwp%2Fv2%2Fcomments&post=6215"}],"version-history":[{"count":1,"href":"https:\/\/ecclesiae.de\/blog\/index.php?rest_route=\/wp\/v2\/posts\/6215\/revisions"}],"predecessor-version":[{"id":6216,"href":"https:\/\/ecclesiae.de\/blog\/index.php?rest_route=\/wp\/v2\/posts\/6215\/revisions\/6216"}],"wp:attachment":[{"href":"https:\/\/ecclesiae.de\/blog\/index.php?rest_route=%2Fwp%2Fv2%2Fmedia&parent=6215"}],"wp:term":[{"taxonomy":"category","embeddable":true,"href":"https:\/\/ecclesiae.de\/blog\/index.php?rest_route=%2Fwp%2Fv2%2Fcategories&post=6215"},{"taxonomy":"post_tag","embeddable":true,"href":"https:\/\/ecclesiae.de\/blog\/index.php?rest_route=%2Fwp%2Fv2%2Ftags&post=6215"}],"curies":[{"name":"wp","href":"https:\/\/api.w.org\/{rel}","templated":true}]}}