{"id":6299,"date":"2026-03-05T00:01:00","date_gmt":"2026-03-04T23:01:00","guid":{"rendered":"http:\/\/ecclesiae.de\/blog\/?p=6299"},"modified":"2026-02-26T14:22:04","modified_gmt":"2026-02-26T13:22:04","slug":"01-maerz","status":"publish","type":"post","link":"https:\/\/ecclesiae.de\/blog\/?p=6299","title":{"rendered":"05.  Maerz"},"content":{"rendered":"<p style=\"text-align: center;\"><a href=\"https:\/\/ecclesiae.de\/blog\/wp-content\/uploads\/2017\/05\/IMG_20170419_130102.jpg\"><img loading=\"lazy\" decoding=\"async\" class=\"size-medium wp-image-5538 alignleft\" src=\"https:\/\/ecclesiae.de\/blog\/wp-content\/uploads\/2017\/05\/IMG_20170419_130102-168x300.jpg\" alt=\"\" width=\"168\" height=\"300\" srcset=\"https:\/\/ecclesiae.de\/blog\/wp-content\/uploads\/2017\/05\/IMG_20170419_130102-168x300.jpg 168w, https:\/\/ecclesiae.de\/blog\/wp-content\/uploads\/2017\/05\/IMG_20170419_130102-768x1368.jpg 768w, https:\/\/ecclesiae.de\/blog\/wp-content\/uploads\/2017\/05\/IMG_20170419_130102-575x1024.jpg 575w\" sizes=\"auto, (max-width: 168px) 100vw, 168px\" \/><\/a><\/p>\n<p>&nbsp;<\/p>\n<p style=\"text-align: center;\">Denn dein Volk sind sie ja und dein Erbteil. M\u00f6gen deine Augen offenstehen dem Flehen deines Knechtes und dem Rufen deines Volkes Israel! H\u00f6re auf sie, sooft sie zu dir rufen! Du hast sie ja als dein Erbteil aus allen Erdenv\u00f6lkern ausgeschieden, wie du durch deinen Knecht Moses verhei\u00dfen hast, als du unsere V\u00e4ter aus \u00c4gypten fortf\u00fchrtest, o Herr, unser Gott!<\/p>\n<p style=\"text-align: center;\">(Kurzlesung aus der <a href=\"http:\/\/vulgata.info\/index.php?title=Kategorie:Stundenbuch:NT:1K%C3%B6n8,51a.52-53\">Laudes<\/a>)<\/p>\n","protected":false},"excerpt":{"rendered":"<p>&nbsp; Denn dein Volk sind sie ja und dein Erbteil. M\u00f6gen deine Augen offenstehen dem Flehen deines Knechtes und dem Rufen deines Volkes Israel! H\u00f6re auf sie, sooft sie zu dir rufen! Du hast sie ja als dein Erbteil aus &hellip; <a href=\"https:\/\/ecclesiae.de\/blog\/?p=6299\">Weiterlesen <span class=\"meta-nav\">&rarr;<\/span><\/a><\/p>\n","protected":false},"author":3,"featured_media":0,"comment_status":"open","ping_status":"closed","sticky":false,"template":"","format":"standard","meta":{"footnotes":""},"categories":[1],"tags":[],"class_list":["post-6299","post","type-post","status-publish","format-standard","hentry","category-uncategorized"],"_links":{"self":[{"href":"https:\/\/ecclesiae.de\/blog\/index.php?rest_route=\/wp\/v2\/posts\/6299","targetHints":{"allow":["GET"]}}],"collection":[{"href":"https:\/\/ecclesiae.de\/blog\/index.php?rest_route=\/wp\/v2\/posts"}],"about":[{"href":"https:\/\/ecclesiae.de\/blog\/index.php?rest_route=\/wp\/v2\/types\/post"}],"author":[{"embeddable":true,"href":"https:\/\/ecclesiae.de\/blog\/index.php?rest_route=\/wp\/v2\/users\/3"}],"replies":[{"embeddable":true,"href":"https:\/\/ecclesiae.de\/blog\/index.php?rest_route=%2Fwp%2Fv2%2Fcomments&post=6299"}],"version-history":[{"count":2,"href":"https:\/\/ecclesiae.de\/blog\/index.php?rest_route=\/wp\/v2\/posts\/6299\/revisions"}],"predecessor-version":[{"id":14173,"href":"https:\/\/ecclesiae.de\/blog\/index.php?rest_route=\/wp\/v2\/posts\/6299\/revisions\/14173"}],"wp:attachment":[{"href":"https:\/\/ecclesiae.de\/blog\/index.php?rest_route=%2Fwp%2Fv2%2Fmedia&parent=6299"}],"wp:term":[{"taxonomy":"category","embeddable":true,"href":"https:\/\/ecclesiae.de\/blog\/index.php?rest_route=%2Fwp%2Fv2%2Fcategories&post=6299"},{"taxonomy":"post_tag","embeddable":true,"href":"https:\/\/ecclesiae.de\/blog\/index.php?rest_route=%2Fwp%2Fv2%2Ftags&post=6299"}],"curies":[{"name":"wp","href":"https:\/\/api.w.org\/{rel}","templated":true}]}}