{"id":6309,"date":"2026-03-09T00:01:00","date_gmt":"2026-03-08T23:01:00","guid":{"rendered":"http:\/\/ecclesiae.de\/blog\/?p=6309"},"modified":"2026-02-26T14:27:09","modified_gmt":"2026-02-26T13:27:09","slug":"05-maerz","status":"publish","type":"post","link":"https:\/\/ecclesiae.de\/blog\/?p=6309","title":{"rendered":"09.  Maerz"},"content":{"rendered":"<p style=\"text-align: center;\"><a href=\"https:\/\/ecclesiae.de\/blog\/wp-content\/uploads\/2016\/11\/05.jpg\"><img loading=\"lazy\" decoding=\"async\" class=\"size-medium wp-image-5027 alignleft\" src=\"https:\/\/ecclesiae.de\/blog\/wp-content\/uploads\/2016\/11\/05-170x300.jpg\" alt=\"\" width=\"170\" height=\"300\" srcset=\"https:\/\/ecclesiae.de\/blog\/wp-content\/uploads\/2016\/11\/05-170x300.jpg 170w, https:\/\/ecclesiae.de\/blog\/wp-content\/uploads\/2016\/11\/05-768x1358.jpg 768w, https:\/\/ecclesiae.de\/blog\/wp-content\/uploads\/2016\/11\/05-579x1024.jpg 579w, https:\/\/ecclesiae.de\/blog\/wp-content\/uploads\/2016\/11\/05.jpg 1520w\" sizes=\"auto, (max-width: 170px) 100vw, 170px\" \/><\/a>\u201eDer Weise r\u00fchme sich nicht seiner Weisheit, der Starke r\u00fchme sich nicht seiner St\u00e4rke, der Reiche r\u00fchme sich nicht seines Reichtums.&#8220; \u00a0Aber welches ist das richtige R\u00fchmen, und worin ist der Mensch wirklich gro\u00df? Der Prophet spricht: \u201eNein, wer sich r\u00fchmen will, r\u00fchme sich dessen, dass er Einsicht hat und mich erkennt, dass er wei\u00df: Ich, der Herr, bin es!&#8220; \u00a0Darin besteht die Gr\u00f6\u00dfe des Menschen, das ist seine Erhabenheit, wirklich zu erkennen, was gro\u00df ist, ihm allein fest verbunden zu sein und Ruhm vom Herrn des Ruhmes zu suchen.\u201c<\/p>\n<p style=\"text-align: center;\">\n(Auszug aus der Lesung der <a href=\"http:\/\/vulgata.info\/index.php?title=Kategorie:Stundenbuch:Lesung\/Lesehore3FastenwocheMontag\">Lesehore<\/a> (Jahresreihe II)<\/p>\n","protected":false},"excerpt":{"rendered":"<p>\u201eDer Weise r\u00fchme sich nicht seiner Weisheit, der Starke r\u00fchme sich nicht seiner St\u00e4rke, der Reiche r\u00fchme sich nicht seines Reichtums.&#8220; \u00a0Aber welches ist das richtige R\u00fchmen, und worin ist der Mensch wirklich gro\u00df? Der Prophet spricht: \u201eNein, wer sich &hellip; <a href=\"https:\/\/ecclesiae.de\/blog\/?p=6309\">Weiterlesen <span class=\"meta-nav\">&rarr;<\/span><\/a><\/p>\n","protected":false},"author":3,"featured_media":0,"comment_status":"open","ping_status":"closed","sticky":false,"template":"","format":"standard","meta":{"footnotes":""},"categories":[1],"tags":[],"class_list":["post-6309","post","type-post","status-publish","format-standard","hentry","category-uncategorized"],"_links":{"self":[{"href":"https:\/\/ecclesiae.de\/blog\/index.php?rest_route=\/wp\/v2\/posts\/6309","targetHints":{"allow":["GET"]}}],"collection":[{"href":"https:\/\/ecclesiae.de\/blog\/index.php?rest_route=\/wp\/v2\/posts"}],"about":[{"href":"https:\/\/ecclesiae.de\/blog\/index.php?rest_route=\/wp\/v2\/types\/post"}],"author":[{"embeddable":true,"href":"https:\/\/ecclesiae.de\/blog\/index.php?rest_route=\/wp\/v2\/users\/3"}],"replies":[{"embeddable":true,"href":"https:\/\/ecclesiae.de\/blog\/index.php?rest_route=%2Fwp%2Fv2%2Fcomments&post=6309"}],"version-history":[{"count":2,"href":"https:\/\/ecclesiae.de\/blog\/index.php?rest_route=\/wp\/v2\/posts\/6309\/revisions"}],"predecessor-version":[{"id":14177,"href":"https:\/\/ecclesiae.de\/blog\/index.php?rest_route=\/wp\/v2\/posts\/6309\/revisions\/14177"}],"wp:attachment":[{"href":"https:\/\/ecclesiae.de\/blog\/index.php?rest_route=%2Fwp%2Fv2%2Fmedia&parent=6309"}],"wp:term":[{"taxonomy":"category","embeddable":true,"href":"https:\/\/ecclesiae.de\/blog\/index.php?rest_route=%2Fwp%2Fv2%2Fcategories&post=6309"},{"taxonomy":"post_tag","embeddable":true,"href":"https:\/\/ecclesiae.de\/blog\/index.php?rest_route=%2Fwp%2Fv2%2Ftags&post=6309"}],"curies":[{"name":"wp","href":"https:\/\/api.w.org\/{rel}","templated":true}]}}