{"id":6345,"date":"2026-03-27T00:01:00","date_gmt":"2026-03-26T23:01:00","guid":{"rendered":"http:\/\/ecclesiae.de\/blog\/?p=6345"},"modified":"2026-02-26T10:12:52","modified_gmt":"2026-02-26T09:12:52","slug":"23-maerz","status":"publish","type":"post","link":"https:\/\/ecclesiae.de\/blog\/?p=6345","title":{"rendered":"5. Fastenwoche &#8211; Freitag"},"content":{"rendered":"<p><img loading=\"lazy\" decoding=\"async\" class=\"size-medium wp-image-5483 alignleft\" src=\"https:\/\/ecclesiae.de\/blog\/wp-content\/uploads\/2017\/03\/Beichtstuhl-940x1253-225x300.jpg\" alt=\"\" width=\"225\" height=\"300\" srcset=\"https:\/\/ecclesiae.de\/blog\/wp-content\/uploads\/2017\/03\/Beichtstuhl-940x1253-225x300.jpg 225w, https:\/\/ecclesiae.de\/blog\/wp-content\/uploads\/2017\/03\/Beichtstuhl-940x1253-768x1024.jpg 768w, https:\/\/ecclesiae.de\/blog\/wp-content\/uploads\/2017\/03\/Beichtstuhl-940x1253.jpg 940w\" sizes=\"auto, (max-width: 225px) 100vw, 225px\" \/><\/p>\n<p>&nbsp;<\/p>\n<p style=\"text-align: center;\">Barmherziger Gott, wir haben aus menschlicher Schwachheit gefehlt und k\u00f6nnen aus eigener Kraft dem Netz der S\u00fcnde nicht entrinnen. Komm uns in deiner G\u00fcte zu Hilfe und befreie uns von aller Schuld. Darum bitten wir durch Jesus Christus.<\/p>\n<p style=\"text-align: center;\">\n<p style=\"text-align: center;\">(<a href=\"http:\/\/vulgata.info\/index.php?title=Kategorie:Stundenbuch:Fastenzeit:1.Woche:Freitag\">Oration<\/a> des Stundengebetes)<\/p>\n<p>&nbsp;<\/p>\n<p>&nbsp;<\/p>\n","protected":false},"excerpt":{"rendered":"<p>&nbsp; Barmherziger Gott, wir haben aus menschlicher Schwachheit gefehlt und k\u00f6nnen aus eigener Kraft dem Netz der S\u00fcnde nicht entrinnen. Komm uns in deiner G\u00fcte zu Hilfe und befreie uns von aller Schuld. Darum bitten wir durch Jesus Christus. (Oration &hellip; <a href=\"https:\/\/ecclesiae.de\/blog\/?p=6345\">Weiterlesen <span class=\"meta-nav\">&rarr;<\/span><\/a><\/p>\n","protected":false},"author":3,"featured_media":0,"comment_status":"open","ping_status":"closed","sticky":false,"template":"","format":"standard","meta":{"footnotes":""},"categories":[1],"tags":[],"class_list":["post-6345","post","type-post","status-publish","format-standard","hentry","category-uncategorized"],"_links":{"self":[{"href":"https:\/\/ecclesiae.de\/blog\/index.php?rest_route=\/wp\/v2\/posts\/6345","targetHints":{"allow":["GET"]}}],"collection":[{"href":"https:\/\/ecclesiae.de\/blog\/index.php?rest_route=\/wp\/v2\/posts"}],"about":[{"href":"https:\/\/ecclesiae.de\/blog\/index.php?rest_route=\/wp\/v2\/types\/post"}],"author":[{"embeddable":true,"href":"https:\/\/ecclesiae.de\/blog\/index.php?rest_route=\/wp\/v2\/users\/3"}],"replies":[{"embeddable":true,"href":"https:\/\/ecclesiae.de\/blog\/index.php?rest_route=%2Fwp%2Fv2%2Fcomments&post=6345"}],"version-history":[{"count":2,"href":"https:\/\/ecclesiae.de\/blog\/index.php?rest_route=\/wp\/v2\/posts\/6345\/revisions"}],"predecessor-version":[{"id":14161,"href":"https:\/\/ecclesiae.de\/blog\/index.php?rest_route=\/wp\/v2\/posts\/6345\/revisions\/14161"}],"wp:attachment":[{"href":"https:\/\/ecclesiae.de\/blog\/index.php?rest_route=%2Fwp%2Fv2%2Fmedia&parent=6345"}],"wp:term":[{"taxonomy":"category","embeddable":true,"href":"https:\/\/ecclesiae.de\/blog\/index.php?rest_route=%2Fwp%2Fv2%2Fcategories&post=6345"},{"taxonomy":"post_tag","embeddable":true,"href":"https:\/\/ecclesiae.de\/blog\/index.php?rest_route=%2Fwp%2Fv2%2Ftags&post=6345"}],"curies":[{"name":"wp","href":"https:\/\/api.w.org\/{rel}","templated":true}]}}