{"id":6351,"date":"2026-03-30T00:01:00","date_gmt":"2026-03-29T22:01:00","guid":{"rendered":"http:\/\/ecclesiae.de\/blog\/?p=6351"},"modified":"2026-02-26T10:03:58","modified_gmt":"2026-02-26T09:03:58","slug":"26-maerz","status":"publish","type":"post","link":"https:\/\/ecclesiae.de\/blog\/?p=6351","title":{"rendered":"Montag in der Karwoche"},"content":{"rendered":"<p><a href=\"https:\/\/ecclesiae.de\/blog\/wp-content\/uploads\/2016\/11\/05.jpg\"><img loading=\"lazy\" decoding=\"async\" class=\"size-medium wp-image-5027 alignleft\" src=\"https:\/\/ecclesiae.de\/blog\/wp-content\/uploads\/2016\/11\/05-170x300.jpg\" alt=\"\" width=\"170\" height=\"300\" srcset=\"https:\/\/ecclesiae.de\/blog\/wp-content\/uploads\/2016\/11\/05-170x300.jpg 170w, https:\/\/ecclesiae.de\/blog\/wp-content\/uploads\/2016\/11\/05-768x1358.jpg 768w, https:\/\/ecclesiae.de\/blog\/wp-content\/uploads\/2016\/11\/05-579x1024.jpg 579w, https:\/\/ecclesiae.de\/blog\/wp-content\/uploads\/2016\/11\/05.jpg 1520w\" sizes=\"auto, (max-width: 170px) 100vw, 170px\" \/><\/a>Heilig Kreuz, du Baum der Treue,<br \/>\nedler Baum, dem keiner gleich,<br \/>\nkeiner so an Laub und Bl\u00fcte,<br \/>\nkeiner so an Fr\u00fcchten reich:<br \/>\nS\u00fc\u00dfes Holz, o s\u00fc\u00dfe N\u00e4gel,<br \/>\nwelche s\u00fc\u00dfe Last an euch.<\/p>\n<p>Beuge, hoher Baum, die Zweige,<br \/>\nwerde weich an Stamm und Ast,<br \/>\ndenn dein hartes Holz muss tragen<br \/>\neine k\u00f6nigliche Last,<br \/>\ngib den Gliedern deines Sch\u00f6pfers<br \/>\nan dem Stamme linde Rast.<\/p>\n<p>Du allein warst wert zu tragen<br \/>\naller S\u00fcnden L\u00f6segeld,<br \/>\ndu, die Planke, die uns rettet<br \/>\naus dem Schiffbruch dieser Welt.<br \/>\nDu, gesalbt vom Blut des Lammes,<br \/>\nPfosten, der den Tod abh\u00e4lt.<\/p>\n<p>Lob und Ruhm sei ohne Ende<br \/>\nGott, dem h\u00f6chsten Herrn, geweiht.<br \/>\nPreis dem Vater und dem Sohne<br \/>\nund dem Geist der Heiligkeit.<br \/>\nEinen Gott in drei Personen<br \/>\nlobe alle Welt und Zeit. Amen.<\/p>\n<p>(Hymnus der <a href=\"http:\/\/vulgata.info\/index.php?title=Kategorie:Stundenbuch:Fastenzeit:Karwoche:Montag\">Laudes<\/a>)<\/p>\n<p>&nbsp;<\/p>\n<p>&nbsp;<\/p>\n","protected":false},"excerpt":{"rendered":"<p>Heilig Kreuz, du Baum der Treue, edler Baum, dem keiner gleich, keiner so an Laub und Bl\u00fcte, keiner so an Fr\u00fcchten reich: S\u00fc\u00dfes Holz, o s\u00fc\u00dfe N\u00e4gel, welche s\u00fc\u00dfe Last an euch. Beuge, hoher Baum, die Zweige, werde weich an &hellip; <a href=\"https:\/\/ecclesiae.de\/blog\/?p=6351\">Weiterlesen <span class=\"meta-nav\">&rarr;<\/span><\/a><\/p>\n","protected":false},"author":3,"featured_media":0,"comment_status":"open","ping_status":"closed","sticky":false,"template":"","format":"standard","meta":{"footnotes":""},"categories":[1],"tags":[],"class_list":["post-6351","post","type-post","status-publish","format-standard","hentry","category-uncategorized"],"_links":{"self":[{"href":"https:\/\/ecclesiae.de\/blog\/index.php?rest_route=\/wp\/v2\/posts\/6351","targetHints":{"allow":["GET"]}}],"collection":[{"href":"https:\/\/ecclesiae.de\/blog\/index.php?rest_route=\/wp\/v2\/posts"}],"about":[{"href":"https:\/\/ecclesiae.de\/blog\/index.php?rest_route=\/wp\/v2\/types\/post"}],"author":[{"embeddable":true,"href":"https:\/\/ecclesiae.de\/blog\/index.php?rest_route=\/wp\/v2\/users\/3"}],"replies":[{"embeddable":true,"href":"https:\/\/ecclesiae.de\/blog\/index.php?rest_route=%2Fwp%2Fv2%2Fcomments&post=6351"}],"version-history":[{"count":2,"href":"https:\/\/ecclesiae.de\/blog\/index.php?rest_route=\/wp\/v2\/posts\/6351\/revisions"}],"predecessor-version":[{"id":14158,"href":"https:\/\/ecclesiae.de\/blog\/index.php?rest_route=\/wp\/v2\/posts\/6351\/revisions\/14158"}],"wp:attachment":[{"href":"https:\/\/ecclesiae.de\/blog\/index.php?rest_route=%2Fwp%2Fv2%2Fmedia&parent=6351"}],"wp:term":[{"taxonomy":"category","embeddable":true,"href":"https:\/\/ecclesiae.de\/blog\/index.php?rest_route=%2Fwp%2Fv2%2Fcategories&post=6351"},{"taxonomy":"post_tag","embeddable":true,"href":"https:\/\/ecclesiae.de\/blog\/index.php?rest_route=%2Fwp%2Fv2%2Ftags&post=6351"}],"curies":[{"name":"wp","href":"https:\/\/api.w.org\/{rel}","templated":true}]}}