{"id":6355,"date":"2026-04-01T00:01:00","date_gmt":"2026-03-31T22:01:00","guid":{"rendered":"http:\/\/ecclesiae.de\/blog\/?p=6355"},"modified":"2026-02-26T09:58:09","modified_gmt":"2026-02-26T08:58:09","slug":"28-maerz","status":"publish","type":"post","link":"https:\/\/ecclesiae.de\/blog\/?p=6355","title":{"rendered":"Mittwoch in der Karwoche"},"content":{"rendered":"<p style=\"text-align: center;\"><a href=\"https:\/\/ecclesiae.de\/blog\/wp-content\/uploads\/2016\/11\/IMG_20161115_092729.jpg\"><img loading=\"lazy\" decoding=\"async\" class=\"size-medium wp-image-5138 alignleft\" src=\"https:\/\/ecclesiae.de\/blog\/wp-content\/uploads\/2016\/11\/IMG_20161115_092729-168x300.jpg\" alt=\"\" width=\"168\" height=\"300\" srcset=\"https:\/\/ecclesiae.de\/blog\/wp-content\/uploads\/2016\/11\/IMG_20161115_092729-168x300.jpg 168w, https:\/\/ecclesiae.de\/blog\/wp-content\/uploads\/2016\/11\/IMG_20161115_092729-768x1368.jpg 768w, https:\/\/ecclesiae.de\/blog\/wp-content\/uploads\/2016\/11\/IMG_20161115_092729-575x1024.jpg 575w\" sizes=\"auto, (max-width: 168px) 100vw, 168px\" \/><\/a><br \/>\nDer Gebieter und Herr \u00f6ffnete mir das Ohr. Ich selbst habe mich nicht gestr\u00e4ubt, wich nicht zur\u00fcck. Den Schlagenden bot ich meinen R\u00fccken, den Raufenden meine Wange; mein Antlitz verbarg ich nicht vor Schm\u00e4hen und Anspeien. Doch der Gebieter und Herr hilft mir, darum werde ich nicht besch\u00e4mt. Wie Kieselgestein verh\u00e4rtete ich deshalb mein Antlitz; ich wei\u00df, ich werde nicht zuschanden.<\/p>\n<p style=\"text-align: center;\">(Kurzlesung der <a href=\"http:\/\/vulgata.info\/index.php?title=Kategorie:Stundenbuch:Fastenzeit:Karwoche:Mittwoch\">Laudes)<\/a><\/p>\n<p style=\"text-align: center;\">\n<p style=\"text-align: center;\">\n","protected":false},"excerpt":{"rendered":"<p>Der Gebieter und Herr \u00f6ffnete mir das Ohr. Ich selbst habe mich nicht gestr\u00e4ubt, wich nicht zur\u00fcck. Den Schlagenden bot ich meinen R\u00fccken, den Raufenden meine Wange; mein Antlitz verbarg ich nicht vor Schm\u00e4hen und Anspeien. Doch der Gebieter und &hellip; <a href=\"https:\/\/ecclesiae.de\/blog\/?p=6355\">Weiterlesen <span class=\"meta-nav\">&rarr;<\/span><\/a><\/p>\n","protected":false},"author":3,"featured_media":0,"comment_status":"open","ping_status":"closed","sticky":false,"template":"","format":"standard","meta":{"footnotes":""},"categories":[1],"tags":[],"class_list":["post-6355","post","type-post","status-publish","format-standard","hentry","category-uncategorized"],"_links":{"self":[{"href":"https:\/\/ecclesiae.de\/blog\/index.php?rest_route=\/wp\/v2\/posts\/6355","targetHints":{"allow":["GET"]}}],"collection":[{"href":"https:\/\/ecclesiae.de\/blog\/index.php?rest_route=\/wp\/v2\/posts"}],"about":[{"href":"https:\/\/ecclesiae.de\/blog\/index.php?rest_route=\/wp\/v2\/types\/post"}],"author":[{"embeddable":true,"href":"https:\/\/ecclesiae.de\/blog\/index.php?rest_route=\/wp\/v2\/users\/3"}],"replies":[{"embeddable":true,"href":"https:\/\/ecclesiae.de\/blog\/index.php?rest_route=%2Fwp%2Fv2%2Fcomments&post=6355"}],"version-history":[{"count":2,"href":"https:\/\/ecclesiae.de\/blog\/index.php?rest_route=\/wp\/v2\/posts\/6355\/revisions"}],"predecessor-version":[{"id":14156,"href":"https:\/\/ecclesiae.de\/blog\/index.php?rest_route=\/wp\/v2\/posts\/6355\/revisions\/14156"}],"wp:attachment":[{"href":"https:\/\/ecclesiae.de\/blog\/index.php?rest_route=%2Fwp%2Fv2%2Fmedia&parent=6355"}],"wp:term":[{"taxonomy":"category","embeddable":true,"href":"https:\/\/ecclesiae.de\/blog\/index.php?rest_route=%2Fwp%2Fv2%2Fcategories&post=6355"},{"taxonomy":"post_tag","embeddable":true,"href":"https:\/\/ecclesiae.de\/blog\/index.php?rest_route=%2Fwp%2Fv2%2Ftags&post=6355"}],"curies":[{"name":"wp","href":"https:\/\/api.w.org\/{rel}","templated":true}]}}