{"id":6638,"date":"2018-10-01T00:01:13","date_gmt":"2018-10-01T00:01:13","guid":{"rendered":"http:\/\/ecclesiae.de\/blog\/?p=6638"},"modified":"2018-08-18T12:44:40","modified_gmt":"2018-08-18T12:44:40","slug":"01-oktober","status":"publish","type":"post","link":"https:\/\/ecclesiae.de\/blog\/?p=6638","title":{"rendered":"01. Oktober"},"content":{"rendered":"<p style=\"text-align: center;\"><a href=\"https:\/\/ecclesiae.de\/blog\/wp-content\/uploads\/2016\/09\/01-Theresia.jpg\"><img loading=\"lazy\" decoding=\"async\" class=\"size-medium wp-image-4918 alignleft\" src=\"https:\/\/ecclesiae.de\/blog\/wp-content\/uploads\/2016\/09\/01-Theresia-218x300.jpg\" alt=\"\" width=\"218\" height=\"300\" srcset=\"https:\/\/ecclesiae.de\/blog\/wp-content\/uploads\/2016\/09\/01-Theresia-218x300.jpg 218w, https:\/\/ecclesiae.de\/blog\/wp-content\/uploads\/2016\/09\/01-Theresia.jpg 670w\" sizes=\"auto, (max-width: 218px) 100vw, 218px\" \/><\/a>&#8222;Als ich den mystischen Leib der Kirche betrachtete, erkannte ich in keinem der Glieder, die der heilige Paulus beschreibt, mich selbst oder richtiger: in jedem Glied h\u00e4tte ich mich gern gesehen. Da bot mir die Liebe einen Angelpunkt f\u00fcr meine Berufung. Ich erkannte, dass der Leib der Kirche zwar aus verschiedengearteten Gliedern besteht und dass an diesem Leib kein notwendiges und vornehmes Glied fehlt. Ich sah, dass die Kirche ein Herz hat und dass dieses Herz von Liebe brennt. Ich sah ein, dass die eine Liebe die Glieder der Kirche zur T\u00e4tigkeit antreibt, und wenn die Liebe erlischt, kein Apostel mehr das Evangelium verk\u00fcnden und keine M\u00e4rtyrer mehr ihr Blut vergie\u00dfen werden. Ich schaute und erkannte, dass die Liebe alle Berufungen in sich schlie\u00dft, dass die Liebe alles ist, dass sie alle Zeiten und Orte umfasst, mit einem Wort, dass die Liebe ewig ist. &#8220;<br \/>\n(<a href=\"http:\/\/vulgata.info\/index.php?title=Kategorie:Stundenbuch:Lesung\/Lesehore01.Oktober\">Auszug aus der Lesung am Gedenktag der hl. Theresia von Lisieux<\/a>)<\/p>\n","protected":false},"excerpt":{"rendered":"<p>&#8222;Als ich den mystischen Leib der Kirche betrachtete, erkannte ich in keinem der Glieder, die der heilige Paulus beschreibt, mich selbst oder richtiger: in jedem Glied h\u00e4tte ich mich gern gesehen. Da bot mir die Liebe einen Angelpunkt f\u00fcr meine &hellip; <a href=\"https:\/\/ecclesiae.de\/blog\/?p=6638\">Weiterlesen <span class=\"meta-nav\">&rarr;<\/span><\/a><\/p>\n","protected":false},"author":3,"featured_media":0,"comment_status":"open","ping_status":"closed","sticky":false,"template":"","format":"standard","meta":{"footnotes":""},"categories":[1],"tags":[],"class_list":["post-6638","post","type-post","status-publish","format-standard","hentry","category-uncategorized"],"_links":{"self":[{"href":"https:\/\/ecclesiae.de\/blog\/index.php?rest_route=\/wp\/v2\/posts\/6638","targetHints":{"allow":["GET"]}}],"collection":[{"href":"https:\/\/ecclesiae.de\/blog\/index.php?rest_route=\/wp\/v2\/posts"}],"about":[{"href":"https:\/\/ecclesiae.de\/blog\/index.php?rest_route=\/wp\/v2\/types\/post"}],"author":[{"embeddable":true,"href":"https:\/\/ecclesiae.de\/blog\/index.php?rest_route=\/wp\/v2\/users\/3"}],"replies":[{"embeddable":true,"href":"https:\/\/ecclesiae.de\/blog\/index.php?rest_route=%2Fwp%2Fv2%2Fcomments&post=6638"}],"version-history":[{"count":1,"href":"https:\/\/ecclesiae.de\/blog\/index.php?rest_route=\/wp\/v2\/posts\/6638\/revisions"}],"predecessor-version":[{"id":6639,"href":"https:\/\/ecclesiae.de\/blog\/index.php?rest_route=\/wp\/v2\/posts\/6638\/revisions\/6639"}],"wp:attachment":[{"href":"https:\/\/ecclesiae.de\/blog\/index.php?rest_route=%2Fwp%2Fv2%2Fmedia&parent=6638"}],"wp:term":[{"taxonomy":"category","embeddable":true,"href":"https:\/\/ecclesiae.de\/blog\/index.php?rest_route=%2Fwp%2Fv2%2Fcategories&post=6638"},{"taxonomy":"post_tag","embeddable":true,"href":"https:\/\/ecclesiae.de\/blog\/index.php?rest_route=%2Fwp%2Fv2%2Ftags&post=6638"}],"curies":[{"name":"wp","href":"https:\/\/api.w.org\/{rel}","templated":true}]}}