{"id":6640,"date":"2018-10-02T00:01:15","date_gmt":"2018-10-02T00:01:15","guid":{"rendered":"http:\/\/ecclesiae.de\/blog\/?p=6640"},"modified":"2018-08-18T12:47:58","modified_gmt":"2018-08-18T12:47:58","slug":"02-oktober","status":"publish","type":"post","link":"https:\/\/ecclesiae.de\/blog\/?p=6640","title":{"rendered":"02. Oktober"},"content":{"rendered":"<div id=\"attachment_4921\" style=\"width: 260px\" class=\"wp-caption alignleft\"><a href=\"https:\/\/ecclesiae.de\/blog\/wp-content\/uploads\/2016\/09\/02-Schutzengel-Schreibmans-Kultbilder-der-FJM-freundlicher-Weise-zur-Verf\u00fcgung-gestellt.jpg\"><img loading=\"lazy\" decoding=\"async\" aria-describedby=\"caption-attachment-4921\" class=\"size-medium wp-image-4921\" src=\"https:\/\/ecclesiae.de\/blog\/wp-content\/uploads\/2016\/09\/02-Schutzengel-Schreibmans-Kultbilder-der-FJM-freundlicher-Weise-zur-Verf\u00fcgung-gestellt-250x300.jpg\" alt=\"\" width=\"250\" height=\"300\" srcset=\"https:\/\/ecclesiae.de\/blog\/wp-content\/uploads\/2016\/09\/02-Schutzengel-Schreibmans-Kultbilder-der-FJM-freundlicher-Weise-zur-Verf\u00fcgung-gestellt-250x300.jpg 250w, https:\/\/ecclesiae.de\/blog\/wp-content\/uploads\/2016\/09\/02-Schutzengel-Schreibmans-Kultbilder-der-FJM-freundlicher-Weise-zur-Verf\u00fcgung-gestellt.jpg 333w\" sizes=\"auto, (max-width: 250px) 100vw, 250px\" \/><\/a><p id=\"caption-attachment-4921\" class=\"wp-caption-text\">Q.: Schreibmans Kultbilder der FJM freundlicher Weise zur Verf\u00fcgung gestellt<\/p><\/div>\n<p style=\"text-align: center;\">&#8222;Wenn wir auch noch Kinder sind und noch ein weiter Weg vor uns liegt \u2013 er ist nicht nur weit, sondern auch gef\u00e4hrlich -, warum sollten wir uns f\u00fcrchten, da wir doch so hohe Besch\u00fctzer haben. Niemand kann sie besiegen und verf\u00fchren \u2013 am wenigsten k\u00f6nnen sie selbst verf\u00fchren -, die uns auf all unseren Wegen beh\u00fcten. Sie sind treu, klug und m\u00e4chtig; warum zittern wir? Wir brauchen ihnen nur zu folgen, ihnen anzuhangen, und wir leben unter dem Schutz Gottes. &#8222;<\/p>\n<p style=\"text-align: center;\">(<a href=\"http:\/\/vulgata.info\/index.php?title=Kategorie:Stundenbuch:Lesung\/Lesehore02.Oktober\">Auszug aus der Lesung am Fest der heiligen Schutzengel<\/a>)<\/p>\n","protected":false},"excerpt":{"rendered":"<p>&#8222;Wenn wir auch noch Kinder sind und noch ein weiter Weg vor uns liegt \u2013 er ist nicht nur weit, sondern auch gef\u00e4hrlich -, warum sollten wir uns f\u00fcrchten, da wir doch so hohe Besch\u00fctzer haben. Niemand kann sie besiegen &hellip; <a href=\"https:\/\/ecclesiae.de\/blog\/?p=6640\">Weiterlesen <span class=\"meta-nav\">&rarr;<\/span><\/a><\/p>\n","protected":false},"author":3,"featured_media":0,"comment_status":"open","ping_status":"closed","sticky":false,"template":"","format":"standard","meta":{"footnotes":""},"categories":[1],"tags":[],"class_list":["post-6640","post","type-post","status-publish","format-standard","hentry","category-uncategorized"],"_links":{"self":[{"href":"https:\/\/ecclesiae.de\/blog\/index.php?rest_route=\/wp\/v2\/posts\/6640","targetHints":{"allow":["GET"]}}],"collection":[{"href":"https:\/\/ecclesiae.de\/blog\/index.php?rest_route=\/wp\/v2\/posts"}],"about":[{"href":"https:\/\/ecclesiae.de\/blog\/index.php?rest_route=\/wp\/v2\/types\/post"}],"author":[{"embeddable":true,"href":"https:\/\/ecclesiae.de\/blog\/index.php?rest_route=\/wp\/v2\/users\/3"}],"replies":[{"embeddable":true,"href":"https:\/\/ecclesiae.de\/blog\/index.php?rest_route=%2Fwp%2Fv2%2Fcomments&post=6640"}],"version-history":[{"count":1,"href":"https:\/\/ecclesiae.de\/blog\/index.php?rest_route=\/wp\/v2\/posts\/6640\/revisions"}],"predecessor-version":[{"id":6641,"href":"https:\/\/ecclesiae.de\/blog\/index.php?rest_route=\/wp\/v2\/posts\/6640\/revisions\/6641"}],"wp:attachment":[{"href":"https:\/\/ecclesiae.de\/blog\/index.php?rest_route=%2Fwp%2Fv2%2Fmedia&parent=6640"}],"wp:term":[{"taxonomy":"category","embeddable":true,"href":"https:\/\/ecclesiae.de\/blog\/index.php?rest_route=%2Fwp%2Fv2%2Fcategories&post=6640"},{"taxonomy":"post_tag","embeddable":true,"href":"https:\/\/ecclesiae.de\/blog\/index.php?rest_route=%2Fwp%2Fv2%2Ftags&post=6640"}],"curies":[{"name":"wp","href":"https:\/\/api.w.org\/{rel}","templated":true}]}}