{"id":6656,"date":"2018-10-09T00:10:06","date_gmt":"2018-10-09T00:10:06","guid":{"rendered":"http:\/\/ecclesiae.de\/blog\/?p=6656"},"modified":"2018-09-22T11:11:51","modified_gmt":"2018-09-22T11:11:51","slug":"09-oktober","status":"publish","type":"post","link":"https:\/\/ecclesiae.de\/blog\/?p=6656","title":{"rendered":"09. Oktober"},"content":{"rendered":"<p style=\"text-align: center;\"><a href=\"https:\/\/ecclesiae.de\/blog\/wp-content\/uploads\/2017\/05\/800px-Fatima_Kalvariagruppe-ecclesiaveritas.jpg\"><img loading=\"lazy\" decoding=\"async\" class=\"size-medium wp-image-5569 alignleft\" src=\"https:\/\/ecclesiae.de\/blog\/wp-content\/uploads\/2017\/05\/800px-Fatima_Kalvariagruppe-ecclesiaveritas-300x224.jpg\" alt=\"\" width=\"300\" height=\"224\" srcset=\"https:\/\/ecclesiae.de\/blog\/wp-content\/uploads\/2017\/05\/800px-Fatima_Kalvariagruppe-ecclesiaveritas-300x224.jpg 300w, https:\/\/ecclesiae.de\/blog\/wp-content\/uploads\/2017\/05\/800px-Fatima_Kalvariagruppe-ecclesiaveritas-768x572.jpg 768w, https:\/\/ecclesiae.de\/blog\/wp-content\/uploads\/2017\/05\/800px-Fatima_Kalvariagruppe-ecclesiaveritas-403x300.jpg 403w, https:\/\/ecclesiae.de\/blog\/wp-content\/uploads\/2017\/05\/800px-Fatima_Kalvariagruppe-ecclesiaveritas.jpg 800w\" sizes=\"auto, (max-width: 300px) 100vw, 300px\" \/><\/a>Gott, du hast den heiligen Dionysius und seine Gef\u00e4hrten gesandt, in Gallien deine Macht und Gr\u00f6\u00dfe zu verk\u00fcnden, und ihnen die Kraft zum Martyrium gegeben. Gib, dass wir \u00fcber dem Irdischen stehen und keine Verfolgung f\u00fcrchten, sondern im Leben und Sterben auf dich schauen. Darum bitten wir durch Jesus Christus.<\/p>\n<p style=\"text-align: center;\"><a href=\"http:\/\/vulgata.info\/index.php?title=Dionysius\">(Oration am Gedenktag des heiligen Dionysius<\/a>)<\/p>\n","protected":false},"excerpt":{"rendered":"<p>Gott, du hast den heiligen Dionysius und seine Gef\u00e4hrten gesandt, in Gallien deine Macht und Gr\u00f6\u00dfe zu verk\u00fcnden, und ihnen die Kraft zum Martyrium gegeben. Gib, dass wir \u00fcber dem Irdischen stehen und keine Verfolgung f\u00fcrchten, sondern im Leben und &hellip; <a href=\"https:\/\/ecclesiae.de\/blog\/?p=6656\">Weiterlesen <span class=\"meta-nav\">&rarr;<\/span><\/a><\/p>\n","protected":false},"author":3,"featured_media":0,"comment_status":"open","ping_status":"closed","sticky":false,"template":"","format":"standard","meta":{"footnotes":""},"categories":[1],"tags":[],"class_list":["post-6656","post","type-post","status-publish","format-standard","hentry","category-uncategorized"],"_links":{"self":[{"href":"https:\/\/ecclesiae.de\/blog\/index.php?rest_route=\/wp\/v2\/posts\/6656","targetHints":{"allow":["GET"]}}],"collection":[{"href":"https:\/\/ecclesiae.de\/blog\/index.php?rest_route=\/wp\/v2\/posts"}],"about":[{"href":"https:\/\/ecclesiae.de\/blog\/index.php?rest_route=\/wp\/v2\/types\/post"}],"author":[{"embeddable":true,"href":"https:\/\/ecclesiae.de\/blog\/index.php?rest_route=\/wp\/v2\/users\/3"}],"replies":[{"embeddable":true,"href":"https:\/\/ecclesiae.de\/blog\/index.php?rest_route=%2Fwp%2Fv2%2Fcomments&post=6656"}],"version-history":[{"count":1,"href":"https:\/\/ecclesiae.de\/blog\/index.php?rest_route=\/wp\/v2\/posts\/6656\/revisions"}],"predecessor-version":[{"id":6657,"href":"https:\/\/ecclesiae.de\/blog\/index.php?rest_route=\/wp\/v2\/posts\/6656\/revisions\/6657"}],"wp:attachment":[{"href":"https:\/\/ecclesiae.de\/blog\/index.php?rest_route=%2Fwp%2Fv2%2Fmedia&parent=6656"}],"wp:term":[{"taxonomy":"category","embeddable":true,"href":"https:\/\/ecclesiae.de\/blog\/index.php?rest_route=%2Fwp%2Fv2%2Fcategories&post=6656"},{"taxonomy":"post_tag","embeddable":true,"href":"https:\/\/ecclesiae.de\/blog\/index.php?rest_route=%2Fwp%2Fv2%2Ftags&post=6656"}],"curies":[{"name":"wp","href":"https:\/\/api.w.org\/{rel}","templated":true}]}}