{"id":6664,"date":"2018-10-13T00:20:32","date_gmt":"2018-10-13T00:20:32","guid":{"rendered":"http:\/\/ecclesiae.de\/blog\/?p=6664"},"modified":"2018-09-22T11:24:20","modified_gmt":"2018-09-22T11:24:20","slug":"13-oktober","status":"publish","type":"post","link":"https:\/\/ecclesiae.de\/blog\/?p=6664","title":{"rendered":"13. Oktober"},"content":{"rendered":"<p style=\"text-align: center;\"><a href=\"https:\/\/ecclesiae.de\/blog\/wp-content\/uploads\/2017\/07\/Kevelaer-B.jpg\"><img loading=\"lazy\" decoding=\"async\" class=\"size-medium wp-image-5794 alignleft\" src=\"https:\/\/ecclesiae.de\/blog\/wp-content\/uploads\/2017\/07\/Kevelaer-B-258x300.jpg\" alt=\"\" width=\"258\" height=\"300\" srcset=\"https:\/\/ecclesiae.de\/blog\/wp-content\/uploads\/2017\/07\/Kevelaer-B-258x300.jpg 258w, https:\/\/ecclesiae.de\/blog\/wp-content\/uploads\/2017\/07\/Kevelaer-B.jpg 333w\" sizes=\"auto, (max-width: 258px) 100vw, 258px\" \/><\/a>\u201eFeiert und seht, dass ich Gott bin!\u201c<sup>1<\/sup> Das wird wahrhaftig der gr\u00f6\u00dfte Sabbat sein, der keinen Abend kennt, der Sabbat, auf den schon bei der Erschaffung der Welt hingewiesen wurde. \u201eAm siebten Tag vollendete Gott das Werk, das er geschaffen hatte, und er ruhte am siebten Tag, nachdem er sein ganzes Werk vollbracht hatte. Und Gott segnete den siebten Tag und erkl\u00e4rte ihn f\u00fcr heilig; denn an ihm ruhte Gott, nachdem er das ganze Werk der Sch\u00f6pfung vollendet hatte.\u201c<sup>2<\/sup> Wir werden selbst der siebte Tag sein, wenn wir durch seinen Segen und seine Heiligung vollendet und neu geschaffen sind. Dann werden wir feiern und erkennen, dass er Gott ist.<\/p>\n<p style=\"text-align: center;\">(<a href=\"http:\/\/vulgata.info\/index.php?title=Kategorie:Stundenbuch:Lesung\/Lesehore27Samstag\">Auszug aus der Lesung der Lesehore<\/a>)<\/p>\n","protected":false},"excerpt":{"rendered":"<p>\u201eFeiert und seht, dass ich Gott bin!\u201c1 Das wird wahrhaftig der gr\u00f6\u00dfte Sabbat sein, der keinen Abend kennt, der Sabbat, auf den schon bei der Erschaffung der Welt hingewiesen wurde. \u201eAm siebten Tag vollendete Gott das Werk, das er geschaffen &hellip; <a href=\"https:\/\/ecclesiae.de\/blog\/?p=6664\">Weiterlesen <span class=\"meta-nav\">&rarr;<\/span><\/a><\/p>\n","protected":false},"author":3,"featured_media":0,"comment_status":"open","ping_status":"closed","sticky":false,"template":"","format":"standard","meta":{"footnotes":""},"categories":[1],"tags":[],"class_list":["post-6664","post","type-post","status-publish","format-standard","hentry","category-uncategorized"],"_links":{"self":[{"href":"https:\/\/ecclesiae.de\/blog\/index.php?rest_route=\/wp\/v2\/posts\/6664","targetHints":{"allow":["GET"]}}],"collection":[{"href":"https:\/\/ecclesiae.de\/blog\/index.php?rest_route=\/wp\/v2\/posts"}],"about":[{"href":"https:\/\/ecclesiae.de\/blog\/index.php?rest_route=\/wp\/v2\/types\/post"}],"author":[{"embeddable":true,"href":"https:\/\/ecclesiae.de\/blog\/index.php?rest_route=\/wp\/v2\/users\/3"}],"replies":[{"embeddable":true,"href":"https:\/\/ecclesiae.de\/blog\/index.php?rest_route=%2Fwp%2Fv2%2Fcomments&post=6664"}],"version-history":[{"count":1,"href":"https:\/\/ecclesiae.de\/blog\/index.php?rest_route=\/wp\/v2\/posts\/6664\/revisions"}],"predecessor-version":[{"id":6665,"href":"https:\/\/ecclesiae.de\/blog\/index.php?rest_route=\/wp\/v2\/posts\/6664\/revisions\/6665"}],"wp:attachment":[{"href":"https:\/\/ecclesiae.de\/blog\/index.php?rest_route=%2Fwp%2Fv2%2Fmedia&parent=6664"}],"wp:term":[{"taxonomy":"category","embeddable":true,"href":"https:\/\/ecclesiae.de\/blog\/index.php?rest_route=%2Fwp%2Fv2%2Fcategories&post=6664"},{"taxonomy":"post_tag","embeddable":true,"href":"https:\/\/ecclesiae.de\/blog\/index.php?rest_route=%2Fwp%2Fv2%2Ftags&post=6664"}],"curies":[{"name":"wp","href":"https:\/\/api.w.org\/{rel}","templated":true}]}}