{"id":6709,"date":"2018-11-02T00:01:31","date_gmt":"2018-11-02T00:01:31","guid":{"rendered":"http:\/\/ecclesiae.de\/blog\/?p=6709"},"modified":"2018-09-25T12:52:07","modified_gmt":"2018-09-25T12:52:07","slug":"02-november","status":"publish","type":"post","link":"https:\/\/ecclesiae.de\/blog\/?p=6709","title":{"rendered":"02. November"},"content":{"rendered":"<p style=\"text-align: center;\"><a href=\"https:\/\/ecclesiae.de\/blog\/wp-content\/uploads\/2017\/05\/IMG_20170420_160715-2.jpg\"><img loading=\"lazy\" decoding=\"async\" class=\"size-medium wp-image-5535 alignleft\" src=\"https:\/\/ecclesiae.de\/blog\/wp-content\/uploads\/2017\/05\/IMG_20170420_160715-2-300x169.jpg\" alt=\"\" width=\"300\" height=\"169\" srcset=\"https:\/\/ecclesiae.de\/blog\/wp-content\/uploads\/2017\/05\/IMG_20170420_160715-2-300x169.jpg 300w, https:\/\/ecclesiae.de\/blog\/wp-content\/uploads\/2017\/05\/IMG_20170420_160715-2-768x431.jpg 768w, https:\/\/ecclesiae.de\/blog\/wp-content\/uploads\/2017\/05\/IMG_20170420_160715-2-1024x575.jpg 1024w, https:\/\/ecclesiae.de\/blog\/wp-content\/uploads\/2017\/05\/IMG_20170420_160715-2-500x281.jpg 500w, https:\/\/ecclesiae.de\/blog\/wp-content\/uploads\/2017\/05\/IMG_20170420_160715-2.jpg 1876w\" sizes=\"auto, (max-width: 300px) 100vw, 300px\" \/><\/a>Allm\u00e4chtiger Gott, wir glauben und bekennen, dass du deinen Sohn als ersten von den Toten auferweckt hast. St\u00e4rke unsere Hoffnung, dass du auch unsere Br\u00fcder und Schwestern auferwecken wirst zum ewigen Leben. Darum bitten wir durch ihn, Jesus Christus.<\/p>\n<p style=\"text-align: center;\">(<a href=\"http:\/\/vulgata.info\/index.php?title=Allerseelen\">Oration am Fest Allerseelen<\/a>)<\/p>\n","protected":false},"excerpt":{"rendered":"<p>Allm\u00e4chtiger Gott, wir glauben und bekennen, dass du deinen Sohn als ersten von den Toten auferweckt hast. St\u00e4rke unsere Hoffnung, dass du auch unsere Br\u00fcder und Schwestern auferwecken wirst zum ewigen Leben. Darum bitten wir durch ihn, Jesus Christus. (Oration &hellip; <a href=\"https:\/\/ecclesiae.de\/blog\/?p=6709\">Weiterlesen <span class=\"meta-nav\">&rarr;<\/span><\/a><\/p>\n","protected":false},"author":3,"featured_media":0,"comment_status":"open","ping_status":"closed","sticky":false,"template":"","format":"standard","meta":{"footnotes":""},"categories":[1],"tags":[],"class_list":["post-6709","post","type-post","status-publish","format-standard","hentry","category-uncategorized"],"_links":{"self":[{"href":"https:\/\/ecclesiae.de\/blog\/index.php?rest_route=\/wp\/v2\/posts\/6709","targetHints":{"allow":["GET"]}}],"collection":[{"href":"https:\/\/ecclesiae.de\/blog\/index.php?rest_route=\/wp\/v2\/posts"}],"about":[{"href":"https:\/\/ecclesiae.de\/blog\/index.php?rest_route=\/wp\/v2\/types\/post"}],"author":[{"embeddable":true,"href":"https:\/\/ecclesiae.de\/blog\/index.php?rest_route=\/wp\/v2\/users\/3"}],"replies":[{"embeddable":true,"href":"https:\/\/ecclesiae.de\/blog\/index.php?rest_route=%2Fwp%2Fv2%2Fcomments&post=6709"}],"version-history":[{"count":1,"href":"https:\/\/ecclesiae.de\/blog\/index.php?rest_route=\/wp\/v2\/posts\/6709\/revisions"}],"predecessor-version":[{"id":6710,"href":"https:\/\/ecclesiae.de\/blog\/index.php?rest_route=\/wp\/v2\/posts\/6709\/revisions\/6710"}],"wp:attachment":[{"href":"https:\/\/ecclesiae.de\/blog\/index.php?rest_route=%2Fwp%2Fv2%2Fmedia&parent=6709"}],"wp:term":[{"taxonomy":"category","embeddable":true,"href":"https:\/\/ecclesiae.de\/blog\/index.php?rest_route=%2Fwp%2Fv2%2Fcategories&post=6709"},{"taxonomy":"post_tag","embeddable":true,"href":"https:\/\/ecclesiae.de\/blog\/index.php?rest_route=%2Fwp%2Fv2%2Ftags&post=6709"}],"curies":[{"name":"wp","href":"https:\/\/api.w.org\/{rel}","templated":true}]}}