{"id":7238,"date":"2019-04-12T00:01:37","date_gmt":"2019-04-12T00:01:37","guid":{"rendered":"http:\/\/ecclesiae.de\/blog\/?p=7238"},"modified":"2019-04-12T03:35:13","modified_gmt":"2019-04-12T03:35:13","slug":"12-april-meine-stunde-ist-gekommen","status":"publish","type":"post","link":"https:\/\/ecclesiae.de\/blog\/?p=7238","title":{"rendered":"12. April &#8211; Meine Stunde ist gekommen"},"content":{"rendered":"\n<div class=\"wp-block-media-text alignwide\"><figure class=\"wp-block-media-text__media\"><img loading=\"lazy\" decoding=\"async\" width=\"575\" height=\"1024\" src=\"https:\/\/ecclesiae.de\/blog\/wp-content\/uploads\/2019\/02\/IMG_20190216_125916-575x1024.jpg\" alt=\"\" class=\"wp-image-7130\" srcset=\"https:\/\/ecclesiae.de\/blog\/wp-content\/uploads\/2019\/02\/IMG_20190216_125916-575x1024.jpg 575w, https:\/\/ecclesiae.de\/blog\/wp-content\/uploads\/2019\/02\/IMG_20190216_125916-168x300.jpg 168w, https:\/\/ecclesiae.de\/blog\/wp-content\/uploads\/2019\/02\/IMG_20190216_125916-768x1368.jpg 768w\" sizes=\"auto, (max-width: 575px) 100vw, 575px\" \/><\/figure><div class=\"wp-block-media-text__content\">\n<p style=\"text-align:center\" class=\"has-medium-font-size\">Das Lehramt sagt: Nur die Befugten d\u00fcrfen die Kelchger\u00e4te w\u00e4hrend der heiligen Handlung ber\u00fchren \u2013 die Gottgeweihten sind dazu befugt. Nur diejenigen d\u00fcrfen die Ger\u00e4te benutzen, die f\u00fcr diesen Dienst beauftragt sind, z.B. die Messdiener, die die Ger\u00e4te zum Altar bringen bzw. hinterher wieder wegbringen.<br> In der tridentinischen Messe darf nur der Priester und der Diakon, der schon die h\u00f6chste Stufe hat, den Kelch ber\u00fchren.<\/p>\n<\/div><\/div>\n","protected":false},"excerpt":{"rendered":"<p>Das Lehramt sagt: Nur die Befugten d\u00fcrfen die Kelchger\u00e4te w\u00e4hrend der heiligen Handlung ber\u00fchren \u2013 die Gottgeweihten sind dazu befugt. Nur diejenigen d\u00fcrfen die Ger\u00e4te benutzen, die f\u00fcr diesen Dienst beauftragt sind, z.B. die Messdiener, die die Ger\u00e4te zum Altar &hellip; <a href=\"https:\/\/ecclesiae.de\/blog\/?p=7238\">Weiterlesen <span class=\"meta-nav\">&rarr;<\/span><\/a><\/p>\n","protected":false},"author":3,"featured_media":0,"comment_status":"open","ping_status":"closed","sticky":false,"template":"","format":"standard","meta":{"footnotes":""},"categories":[1],"tags":[],"class_list":["post-7238","post","type-post","status-publish","format-standard","hentry","category-uncategorized"],"_links":{"self":[{"href":"https:\/\/ecclesiae.de\/blog\/index.php?rest_route=\/wp\/v2\/posts\/7238","targetHints":{"allow":["GET"]}}],"collection":[{"href":"https:\/\/ecclesiae.de\/blog\/index.php?rest_route=\/wp\/v2\/posts"}],"about":[{"href":"https:\/\/ecclesiae.de\/blog\/index.php?rest_route=\/wp\/v2\/types\/post"}],"author":[{"embeddable":true,"href":"https:\/\/ecclesiae.de\/blog\/index.php?rest_route=\/wp\/v2\/users\/3"}],"replies":[{"embeddable":true,"href":"https:\/\/ecclesiae.de\/blog\/index.php?rest_route=%2Fwp%2Fv2%2Fcomments&post=7238"}],"version-history":[{"count":2,"href":"https:\/\/ecclesiae.de\/blog\/index.php?rest_route=\/wp\/v2\/posts\/7238\/revisions"}],"predecessor-version":[{"id":7271,"href":"https:\/\/ecclesiae.de\/blog\/index.php?rest_route=\/wp\/v2\/posts\/7238\/revisions\/7271"}],"wp:attachment":[{"href":"https:\/\/ecclesiae.de\/blog\/index.php?rest_route=%2Fwp%2Fv2%2Fmedia&parent=7238"}],"wp:term":[{"taxonomy":"category","embeddable":true,"href":"https:\/\/ecclesiae.de\/blog\/index.php?rest_route=%2Fwp%2Fv2%2Fcategories&post=7238"},{"taxonomy":"post_tag","embeddable":true,"href":"https:\/\/ecclesiae.de\/blog\/index.php?rest_route=%2Fwp%2Fv2%2Ftags&post=7238"}],"curies":[{"name":"wp","href":"https:\/\/api.w.org\/{rel}","templated":true}]}}