{"id":7247,"date":"2019-04-15T00:01:17","date_gmt":"2019-04-15T00:01:17","guid":{"rendered":"http:\/\/ecclesiae.de\/blog\/?p=7247"},"modified":"2019-04-01T16:03:34","modified_gmt":"2019-04-01T16:03:34","slug":"15-april-meine-stunde-ist-gekommen","status":"publish","type":"post","link":"https:\/\/ecclesiae.de\/blog\/?p=7247","title":{"rendered":"15. April &#8211; Meine Stunde ist gekommen"},"content":{"rendered":"\n<div class=\"wp-block-media-text alignwide\"><figure class=\"wp-block-media-text__media\"><img loading=\"lazy\" decoding=\"async\" width=\"1024\" height=\"575\" src=\"https:\/\/ecclesiae.de\/blog\/wp-content\/uploads\/2017\/05\/IMG_20170420_160715-2-1024x575.jpg\" alt=\"\" class=\"wp-image-5535\" srcset=\"https:\/\/ecclesiae.de\/blog\/wp-content\/uploads\/2017\/05\/IMG_20170420_160715-2-1024x575.jpg 1024w, https:\/\/ecclesiae.de\/blog\/wp-content\/uploads\/2017\/05\/IMG_20170420_160715-2-300x169.jpg 300w, https:\/\/ecclesiae.de\/blog\/wp-content\/uploads\/2017\/05\/IMG_20170420_160715-2-768x431.jpg 768w, https:\/\/ecclesiae.de\/blog\/wp-content\/uploads\/2017\/05\/IMG_20170420_160715-2-500x281.jpg 500w, https:\/\/ecclesiae.de\/blog\/wp-content\/uploads\/2017\/05\/IMG_20170420_160715-2.jpg 1876w\" sizes=\"auto, (max-width: 1024px) 100vw, 1024px\" \/><\/figure><div class=\"wp-block-media-text__content\">\n<p style=\"font-size:14px;text-align:center\">Allm\u00e4chtiger Gott,<br> in unserer Schwachheit versagen wir<br> und sind anf\u00e4llig f\u00fcr das B\u00f6se.<br> Schau hin auf das Leiden deines Sohnes,<br> richte uns wieder auf<br> und schenke uns neues Leben.<br> Darum bitten wir durch ihn, Jesus Christus.<\/p>\n\n\n\n<p style=\"text-align:center\">(<em>Tagesgebet vom Montag in der Karwoche)<\/em><\/p>\n<\/div><\/div>\n","protected":false},"excerpt":{"rendered":"<p>Allm\u00e4chtiger Gott, in unserer Schwachheit versagen wir und sind anf\u00e4llig f\u00fcr das B\u00f6se. Schau hin auf das Leiden deines Sohnes, richte uns wieder auf und schenke uns neues Leben. Darum bitten wir durch ihn, Jesus Christus. (Tagesgebet vom Montag in &hellip; <a href=\"https:\/\/ecclesiae.de\/blog\/?p=7247\">Weiterlesen <span class=\"meta-nav\">&rarr;<\/span><\/a><\/p>\n","protected":false},"author":3,"featured_media":0,"comment_status":"open","ping_status":"closed","sticky":false,"template":"","format":"standard","meta":{"footnotes":""},"categories":[1],"tags":[],"class_list":["post-7247","post","type-post","status-publish","format-standard","hentry","category-uncategorized"],"_links":{"self":[{"href":"https:\/\/ecclesiae.de\/blog\/index.php?rest_route=\/wp\/v2\/posts\/7247","targetHints":{"allow":["GET"]}}],"collection":[{"href":"https:\/\/ecclesiae.de\/blog\/index.php?rest_route=\/wp\/v2\/posts"}],"about":[{"href":"https:\/\/ecclesiae.de\/blog\/index.php?rest_route=\/wp\/v2\/types\/post"}],"author":[{"embeddable":true,"href":"https:\/\/ecclesiae.de\/blog\/index.php?rest_route=\/wp\/v2\/users\/3"}],"replies":[{"embeddable":true,"href":"https:\/\/ecclesiae.de\/blog\/index.php?rest_route=%2Fwp%2Fv2%2Fcomments&post=7247"}],"version-history":[{"count":1,"href":"https:\/\/ecclesiae.de\/blog\/index.php?rest_route=\/wp\/v2\/posts\/7247\/revisions"}],"predecessor-version":[{"id":7248,"href":"https:\/\/ecclesiae.de\/blog\/index.php?rest_route=\/wp\/v2\/posts\/7247\/revisions\/7248"}],"wp:attachment":[{"href":"https:\/\/ecclesiae.de\/blog\/index.php?rest_route=%2Fwp%2Fv2%2Fmedia&parent=7247"}],"wp:term":[{"taxonomy":"category","embeddable":true,"href":"https:\/\/ecclesiae.de\/blog\/index.php?rest_route=%2Fwp%2Fv2%2Fcategories&post=7247"},{"taxonomy":"post_tag","embeddable":true,"href":"https:\/\/ecclesiae.de\/blog\/index.php?rest_route=%2Fwp%2Fv2%2Ftags&post=7247"}],"curies":[{"name":"wp","href":"https:\/\/api.w.org\/{rel}","templated":true}]}}