{"id":7865,"date":"2019-12-08T00:01:23","date_gmt":"2019-12-08T00:01:23","guid":{"rendered":"http:\/\/ecclesiae.de\/blog\/?p=7865"},"modified":"2019-11-24T15:15:54","modified_gmt":"2019-11-24T15:15:54","slug":"08-dezember-3","status":"publish","type":"post","link":"https:\/\/ecclesiae.de\/blog\/?p=7865","title":{"rendered":"08. Dezember"},"content":{"rendered":"\n<div class=\"wp-block-media-text alignwide\"><figure class=\"wp-block-media-text__media\"><img loading=\"lazy\" decoding=\"async\" width=\"579\" height=\"1024\" src=\"https:\/\/ecclesiae.de\/blog\/wp-content\/uploads\/2016\/11\/IMAG2100-579x1024.jpg\" alt=\"\" class=\"wp-image-5071\" srcset=\"https:\/\/ecclesiae.de\/blog\/wp-content\/uploads\/2016\/11\/IMAG2100-579x1024.jpg 579w, https:\/\/ecclesiae.de\/blog\/wp-content\/uploads\/2016\/11\/IMAG2100-170x300.jpg 170w, https:\/\/ecclesiae.de\/blog\/wp-content\/uploads\/2016\/11\/IMAG2100-768x1358.jpg 768w, https:\/\/ecclesiae.de\/blog\/wp-content\/uploads\/2016\/11\/IMAG2100.jpg 1520w\" sizes=\"auto, (max-width: 579px) 100vw, 579px\" \/><\/figure><div class=\"wp-block-media-text__content\">\n<p style=\"text-align:center\" class=\"has-medium-font-size\">Wir danken Gott von Herzen, dass er uns in dem herrlichen\nBild der Unbefleckten immer wieder zur Ehrfurcht vor der Frau ermahnt. Wer es\nnicht f\u00fcr m\u00f6glich h\u00e4lt, dass eine Frau in solch ungetr\u00fcbtem Glanz inmitten der\nErden- und Familiennot erstrahlen kann, der glaube an die Macht der Gnade! Bei\nGott ist nichts unm\u00f6glich.<br>\nAlle wahre Sch\u00f6nheit kommt von innen. Gott hat der Frau den besonderen Sinn f\u00fcr\nSch\u00f6nheit und das Streben nach Sch\u00f6nheit gegeben. Niemand darf diesen Zug in\nihr ausl\u00f6schen wollen.<\/p>\n<\/div><\/div>\n","protected":false},"excerpt":{"rendered":"<p>Wir danken Gott von Herzen, dass er uns in dem herrlichen Bild der Unbefleckten immer wieder zur Ehrfurcht vor der Frau ermahnt. Wer es nicht f\u00fcr m\u00f6glich h\u00e4lt, dass eine Frau in solch ungetr\u00fcbtem Glanz inmitten der Erden- und Familiennot &hellip; <a href=\"https:\/\/ecclesiae.de\/blog\/?p=7865\">Weiterlesen <span class=\"meta-nav\">&rarr;<\/span><\/a><\/p>\n","protected":false},"author":3,"featured_media":0,"comment_status":"open","ping_status":"closed","sticky":false,"template":"","format":"standard","meta":{"footnotes":""},"categories":[1],"tags":[],"class_list":["post-7865","post","type-post","status-publish","format-standard","hentry","category-uncategorized"],"_links":{"self":[{"href":"https:\/\/ecclesiae.de\/blog\/index.php?rest_route=\/wp\/v2\/posts\/7865","targetHints":{"allow":["GET"]}}],"collection":[{"href":"https:\/\/ecclesiae.de\/blog\/index.php?rest_route=\/wp\/v2\/posts"}],"about":[{"href":"https:\/\/ecclesiae.de\/blog\/index.php?rest_route=\/wp\/v2\/types\/post"}],"author":[{"embeddable":true,"href":"https:\/\/ecclesiae.de\/blog\/index.php?rest_route=\/wp\/v2\/users\/3"}],"replies":[{"embeddable":true,"href":"https:\/\/ecclesiae.de\/blog\/index.php?rest_route=%2Fwp%2Fv2%2Fcomments&post=7865"}],"version-history":[{"count":1,"href":"https:\/\/ecclesiae.de\/blog\/index.php?rest_route=\/wp\/v2\/posts\/7865\/revisions"}],"predecessor-version":[{"id":7866,"href":"https:\/\/ecclesiae.de\/blog\/index.php?rest_route=\/wp\/v2\/posts\/7865\/revisions\/7866"}],"wp:attachment":[{"href":"https:\/\/ecclesiae.de\/blog\/index.php?rest_route=%2Fwp%2Fv2%2Fmedia&parent=7865"}],"wp:term":[{"taxonomy":"category","embeddable":true,"href":"https:\/\/ecclesiae.de\/blog\/index.php?rest_route=%2Fwp%2Fv2%2Fcategories&post=7865"},{"taxonomy":"post_tag","embeddable":true,"href":"https:\/\/ecclesiae.de\/blog\/index.php?rest_route=%2Fwp%2Fv2%2Ftags&post=7865"}],"curies":[{"name":"wp","href":"https:\/\/api.w.org\/{rel}","templated":true}]}}