{"id":8328,"date":"2020-06-17T00:02:22","date_gmt":"2020-06-17T00:02:22","guid":{"rendered":"http:\/\/ecclesiae.de\/blog\/?p=8328"},"modified":"2020-05-08T08:28:29","modified_gmt":"2020-05-08T08:28:29","slug":"17-juni-deine-zeit-ist-nahe","status":"publish","type":"post","link":"https:\/\/ecclesiae.de\/blog\/?p=8328","title":{"rendered":"17. Juni &#8211; Deine Zeit ist nahe"},"content":{"rendered":"\n<div class=\"wp-block-media-text alignwide\"><figure class=\"wp-block-media-text__media\"><img loading=\"lazy\" decoding=\"async\" width=\"247\" height=\"362\" src=\"https:\/\/ecclesiae.de\/blog\/wp-content\/uploads\/2016\/12\/ULF_von_Fatima2-q-af-1.jpg\" alt=\"\" class=\"wp-image-5258\" srcset=\"https:\/\/ecclesiae.de\/blog\/wp-content\/uploads\/2016\/12\/ULF_von_Fatima2-q-af-1.jpg 247w, https:\/\/ecclesiae.de\/blog\/wp-content\/uploads\/2016\/12\/ULF_von_Fatima2-q-af-1-205x300.jpg 205w\" sizes=\"auto, (max-width: 247px) 100vw, 247px\" \/><\/figure><div class=\"wp-block-media-text__content\">\n<p class=\"has-text-align-center\">Die Muttergottes sagte in Fatima: Es sind zu wenig Menschen,\ndie bereit sind, f\u00fcr die Armen Seelen etwas zu tun.<br>\nDie Armen Seelen k\u00f6nnen f\u00fcr sich selbst nichts mehr tun. Das ganze Leiden im\nFegefeuer ist f\u00fcr die leidende Seele selbst wertlos.<\/p>\n\n\n\n<p class=\"has-text-align-center\">Gott erlaubt uns, den Armen Seelen zu helfen.<\/p>\n<\/div><\/div>\n","protected":false},"excerpt":{"rendered":"<p>Die Muttergottes sagte in Fatima: Es sind zu wenig Menschen, die bereit sind, f\u00fcr die Armen Seelen etwas zu tun. Die Armen Seelen k\u00f6nnen f\u00fcr sich selbst nichts mehr tun. Das ganze Leiden im Fegefeuer ist f\u00fcr die leidende Seele &hellip; <a href=\"https:\/\/ecclesiae.de\/blog\/?p=8328\">Weiterlesen <span class=\"meta-nav\">&rarr;<\/span><\/a><\/p>\n","protected":false},"author":3,"featured_media":0,"comment_status":"open","ping_status":"closed","sticky":false,"template":"","format":"standard","meta":{"footnotes":""},"categories":[1],"tags":[],"class_list":["post-8328","post","type-post","status-publish","format-standard","hentry","category-uncategorized"],"_links":{"self":[{"href":"https:\/\/ecclesiae.de\/blog\/index.php?rest_route=\/wp\/v2\/posts\/8328","targetHints":{"allow":["GET"]}}],"collection":[{"href":"https:\/\/ecclesiae.de\/blog\/index.php?rest_route=\/wp\/v2\/posts"}],"about":[{"href":"https:\/\/ecclesiae.de\/blog\/index.php?rest_route=\/wp\/v2\/types\/post"}],"author":[{"embeddable":true,"href":"https:\/\/ecclesiae.de\/blog\/index.php?rest_route=\/wp\/v2\/users\/3"}],"replies":[{"embeddable":true,"href":"https:\/\/ecclesiae.de\/blog\/index.php?rest_route=%2Fwp%2Fv2%2Fcomments&post=8328"}],"version-history":[{"count":1,"href":"https:\/\/ecclesiae.de\/blog\/index.php?rest_route=\/wp\/v2\/posts\/8328\/revisions"}],"predecessor-version":[{"id":8329,"href":"https:\/\/ecclesiae.de\/blog\/index.php?rest_route=\/wp\/v2\/posts\/8328\/revisions\/8329"}],"wp:attachment":[{"href":"https:\/\/ecclesiae.de\/blog\/index.php?rest_route=%2Fwp%2Fv2%2Fmedia&parent=8328"}],"wp:term":[{"taxonomy":"category","embeddable":true,"href":"https:\/\/ecclesiae.de\/blog\/index.php?rest_route=%2Fwp%2Fv2%2Fcategories&post=8328"},{"taxonomy":"post_tag","embeddable":true,"href":"https:\/\/ecclesiae.de\/blog\/index.php?rest_route=%2Fwp%2Fv2%2Ftags&post=8328"}],"curies":[{"name":"wp","href":"https:\/\/api.w.org\/{rel}","templated":true}]}}