{"id":8330,"date":"2020-06-18T00:01:35","date_gmt":"2020-06-18T00:01:35","guid":{"rendered":"http:\/\/ecclesiae.de\/blog\/?p=8330"},"modified":"2020-05-08T08:29:53","modified_gmt":"2020-05-08T08:29:53","slug":"18-juni-deine-zeit-ist-nahe","status":"publish","type":"post","link":"https:\/\/ecclesiae.de\/blog\/?p=8330","title":{"rendered":"18. Juni &#8211; Deine Zeit ist nahe"},"content":{"rendered":"\n<div class=\"wp-block-media-text alignwide\"><figure class=\"wp-block-media-text__media\"><img loading=\"lazy\" decoding=\"async\" width=\"451\" height=\"772\" src=\"https:\/\/ecclesiae.de\/blog\/wp-content\/uploads\/2020\/04\/Pusteblumen.jpg\" alt=\"\" class=\"wp-image-8260\" srcset=\"https:\/\/ecclesiae.de\/blog\/wp-content\/uploads\/2020\/04\/Pusteblumen.jpg 451w, https:\/\/ecclesiae.de\/blog\/wp-content\/uploads\/2020\/04\/Pusteblumen-175x300.jpg 175w\" sizes=\"auto, (max-width: 451px) 100vw, 451px\" \/><\/figure><div class=\"wp-block-media-text__content\">\n<p class=\"has-text-align-center\">Denselben Eifer, den Du f\u00fcr Lebende hast auf Erden, lege\nauch f\u00fcr die Armen Seelen an, damit sie aus dem Fegefeuer herauskommen k\u00f6nnen.<\/p>\n\n\n\n<p class=\"has-text-align-center\">Wenn sie dann aus dem Fegefeuer herauskommen d\u00fcrfen, sind\nsie unsere F\u00fcrsprecher. Sie d\u00fcrfen dann an Gottes Thron erscheinen und f\u00fcr diejenigen,\ndie ihnen geholfen haben, F\u00fcrsprache einlegen.<\/p>\n\n\n\n<p class=\"has-text-align-center\">Das ist die Lehre der katholischen Kirche, aber man lernt\ndas heute leider nicht mehr so.<\/p>\n<\/div><\/div>\n","protected":false},"excerpt":{"rendered":"<p>Denselben Eifer, den Du f\u00fcr Lebende hast auf Erden, lege auch f\u00fcr die Armen Seelen an, damit sie aus dem Fegefeuer herauskommen k\u00f6nnen. Wenn sie dann aus dem Fegefeuer herauskommen d\u00fcrfen, sind sie unsere F\u00fcrsprecher. Sie d\u00fcrfen dann an Gottes &hellip; <a href=\"https:\/\/ecclesiae.de\/blog\/?p=8330\">Weiterlesen <span class=\"meta-nav\">&rarr;<\/span><\/a><\/p>\n","protected":false},"author":3,"featured_media":0,"comment_status":"open","ping_status":"closed","sticky":false,"template":"","format":"standard","meta":{"footnotes":""},"categories":[1],"tags":[],"class_list":["post-8330","post","type-post","status-publish","format-standard","hentry","category-uncategorized"],"_links":{"self":[{"href":"https:\/\/ecclesiae.de\/blog\/index.php?rest_route=\/wp\/v2\/posts\/8330","targetHints":{"allow":["GET"]}}],"collection":[{"href":"https:\/\/ecclesiae.de\/blog\/index.php?rest_route=\/wp\/v2\/posts"}],"about":[{"href":"https:\/\/ecclesiae.de\/blog\/index.php?rest_route=\/wp\/v2\/types\/post"}],"author":[{"embeddable":true,"href":"https:\/\/ecclesiae.de\/blog\/index.php?rest_route=\/wp\/v2\/users\/3"}],"replies":[{"embeddable":true,"href":"https:\/\/ecclesiae.de\/blog\/index.php?rest_route=%2Fwp%2Fv2%2Fcomments&post=8330"}],"version-history":[{"count":1,"href":"https:\/\/ecclesiae.de\/blog\/index.php?rest_route=\/wp\/v2\/posts\/8330\/revisions"}],"predecessor-version":[{"id":8331,"href":"https:\/\/ecclesiae.de\/blog\/index.php?rest_route=\/wp\/v2\/posts\/8330\/revisions\/8331"}],"wp:attachment":[{"href":"https:\/\/ecclesiae.de\/blog\/index.php?rest_route=%2Fwp%2Fv2%2Fmedia&parent=8330"}],"wp:term":[{"taxonomy":"category","embeddable":true,"href":"https:\/\/ecclesiae.de\/blog\/index.php?rest_route=%2Fwp%2Fv2%2Fcategories&post=8330"},{"taxonomy":"post_tag","embeddable":true,"href":"https:\/\/ecclesiae.de\/blog\/index.php?rest_route=%2Fwp%2Fv2%2Ftags&post=8330"}],"curies":[{"name":"wp","href":"https:\/\/api.w.org\/{rel}","templated":true}]}}