{"id":8533,"date":"2020-09-14T00:01:00","date_gmt":"2020-09-14T00:01:00","guid":{"rendered":"http:\/\/ecclesiae.de\/blog\/?p=8533"},"modified":"2020-06-11T14:58:31","modified_gmt":"2020-06-11T14:58:31","slug":"14-september-deine-zeit-ist-nahe","status":"publish","type":"post","link":"https:\/\/ecclesiae.de\/blog\/?p=8533","title":{"rendered":"14. September &#8211; Deine Zeit ist nahe"},"content":{"rendered":"\n<div class=\"wp-block-media-text alignwide is-stacked-on-mobile\"><figure class=\"wp-block-media-text__media\"><img loading=\"lazy\" decoding=\"async\" width=\"734\" height=\"1024\" src=\"https:\/\/ecclesiae.de\/blog\/wp-content\/uploads\/2016\/09\/14-Kreuzerhoehung-734x1024.jpg\" alt=\"\" class=\"wp-image-4890\" srcset=\"https:\/\/ecclesiae.de\/blog\/wp-content\/uploads\/2016\/09\/14-Kreuzerhoehung-734x1024.jpg 734w, https:\/\/ecclesiae.de\/blog\/wp-content\/uploads\/2016\/09\/14-Kreuzerhoehung-215x300.jpg 215w, https:\/\/ecclesiae.de\/blog\/wp-content\/uploads\/2016\/09\/14-Kreuzerhoehung-768x1071.jpg 768w, https:\/\/ecclesiae.de\/blog\/wp-content\/uploads\/2016\/09\/14-Kreuzerhoehung.jpg 1268w\" sizes=\"auto, (max-width: 734px) 100vw, 734px\" \/><\/figure><div class=\"wp-block-media-text__content\">\n<p class=\"has-normal-font-size\">Heilig Kreuz, du Baum der Treue,<br>edler Baum, dem keiner gleich,<br>keiner so an Laub und Bl\u00fcte,<br>keiner so an Fr\u00fcchten reich:<br>S\u00fc\u00dfes Holz, o s\u00fc\u00dfe N\u00e4gel,<br>welche s\u00fc\u00dfe Last an euch.<\/p>\n\n\n\n<p class=\"has-normal-font-size\"><br>Beuge, hoher Baum, die Zweige,<br>werde weich an Stamm und Ast,<br>denn dein hartes Holz muss tragen<br>eine k\u00f6nigliche Last,<br>gib den Gliedern deines Sch\u00f6pfers<br>an dem Stamme linde Rast.<\/p>\n<\/div><\/div>\n\n\n\n<p>Du allein warst wert zu tragen<br>aller S\u00fcnden L\u00f6segeld,<br>du, die Planke, die uns rettet<br>aus dem Schiffbruch dieser Welt.<br>Du, gesalbt vom Blut des Lammes,<br>Pfosten, der den Tod abh\u00e4lt.<\/p>\n\n\n\n<p><br>Lob und Ruhm sei ohne Ende<br>Gott, dem h\u00f6chsten Herrn, geweiht.<br>Preis dem Vater und dem Sohne<br>und dem Geist der Heiligkeit.<br>Einen Gott in drei Personen<br>lobe alle Welt und Zeit. Amen.<\/p>\n\n\n\n<p><br>(<a href=\"http:\/\/vulgata.info\/index.php?title=Kreuzerhoehung\">Hymnus der Laudes<\/a>)<\/p>\n","protected":false},"excerpt":{"rendered":"<p>Heilig Kreuz, du Baum der Treue,edler Baum, dem keiner gleich,keiner so an Laub und Bl\u00fcte,keiner so an Fr\u00fcchten reich:S\u00fc\u00dfes Holz, o s\u00fc\u00dfe N\u00e4gel,welche s\u00fc\u00dfe Last an euch. Beuge, hoher Baum, die Zweige,werde weich an Stamm und Ast,denn dein hartes Holz &hellip; <a href=\"https:\/\/ecclesiae.de\/blog\/?p=8533\">Weiterlesen <span class=\"meta-nav\">&rarr;<\/span><\/a><\/p>\n","protected":false},"author":3,"featured_media":0,"comment_status":"open","ping_status":"closed","sticky":false,"template":"","format":"standard","meta":{"footnotes":""},"categories":[1],"tags":[],"class_list":["post-8533","post","type-post","status-publish","format-standard","hentry","category-uncategorized"],"_links":{"self":[{"href":"https:\/\/ecclesiae.de\/blog\/index.php?rest_route=\/wp\/v2\/posts\/8533","targetHints":{"allow":["GET"]}}],"collection":[{"href":"https:\/\/ecclesiae.de\/blog\/index.php?rest_route=\/wp\/v2\/posts"}],"about":[{"href":"https:\/\/ecclesiae.de\/blog\/index.php?rest_route=\/wp\/v2\/types\/post"}],"author":[{"embeddable":true,"href":"https:\/\/ecclesiae.de\/blog\/index.php?rest_route=\/wp\/v2\/users\/3"}],"replies":[{"embeddable":true,"href":"https:\/\/ecclesiae.de\/blog\/index.php?rest_route=%2Fwp%2Fv2%2Fcomments&post=8533"}],"version-history":[{"count":1,"href":"https:\/\/ecclesiae.de\/blog\/index.php?rest_route=\/wp\/v2\/posts\/8533\/revisions"}],"predecessor-version":[{"id":8534,"href":"https:\/\/ecclesiae.de\/blog\/index.php?rest_route=\/wp\/v2\/posts\/8533\/revisions\/8534"}],"wp:attachment":[{"href":"https:\/\/ecclesiae.de\/blog\/index.php?rest_route=%2Fwp%2Fv2%2Fmedia&parent=8533"}],"wp:term":[{"taxonomy":"category","embeddable":true,"href":"https:\/\/ecclesiae.de\/blog\/index.php?rest_route=%2Fwp%2Fv2%2Fcategories&post=8533"},{"taxonomy":"post_tag","embeddable":true,"href":"https:\/\/ecclesiae.de\/blog\/index.php?rest_route=%2Fwp%2Fv2%2Ftags&post=8533"}],"curies":[{"name":"wp","href":"https:\/\/api.w.org\/{rel}","templated":true}]}}