{"id":8663,"date":"2020-11-06T00:01:00","date_gmt":"2020-11-06T00:01:00","guid":{"rendered":"http:\/\/ecclesiae.de\/blog\/?p=8663"},"modified":"2020-07-25T14:23:10","modified_gmt":"2020-07-25T14:23:10","slug":"06-november-deine-zeit-ist-nahe","status":"publish","type":"post","link":"https:\/\/ecclesiae.de\/blog\/?p=8663","title":{"rendered":"06. November &#8211; Deine Zeit ist nahe"},"content":{"rendered":"\n<div class=\"wp-block-media-text alignwide is-stacked-on-mobile\"><figure class=\"wp-block-media-text__media\"><img loading=\"lazy\" decoding=\"async\" width=\"579\" height=\"1024\" src=\"https:\/\/ecclesiae.de\/blog\/wp-content\/uploads\/2016\/12\/IMAG1671-579x1024.jpg\" alt=\"\" class=\"wp-image-5171\" srcset=\"https:\/\/ecclesiae.de\/blog\/wp-content\/uploads\/2016\/12\/IMAG1671-579x1024.jpg 579w, https:\/\/ecclesiae.de\/blog\/wp-content\/uploads\/2016\/12\/IMAG1671-170x300.jpg 170w, https:\/\/ecclesiae.de\/blog\/wp-content\/uploads\/2016\/12\/IMAG1671-768x1358.jpg 768w, https:\/\/ecclesiae.de\/blog\/wp-content\/uploads\/2016\/12\/IMAG1671.jpg 1520w\" sizes=\"auto, (max-width: 579px) 100vw, 579px\" \/><\/figure><div class=\"wp-block-media-text__content\">\n<p class=\"has-text-align-center has-medium-font-size\">Den einen f\u00fcrchtet, den anderen liebt. F\u00fcrchtet die D\u00e4monen und haltet Abstand von ihnen, egal in welchem Gewand sie kommen.<\/p>\n<\/div><\/div>\n","protected":false},"excerpt":{"rendered":"<p>Den einen f\u00fcrchtet, den anderen liebt. F\u00fcrchtet die D\u00e4monen und haltet Abstand von ihnen, egal in welchem Gewand sie kommen.<\/p>\n","protected":false},"author":3,"featured_media":0,"comment_status":"open","ping_status":"closed","sticky":false,"template":"","format":"standard","meta":{"footnotes":""},"categories":[1],"tags":[],"class_list":["post-8663","post","type-post","status-publish","format-standard","hentry","category-uncategorized"],"_links":{"self":[{"href":"https:\/\/ecclesiae.de\/blog\/index.php?rest_route=\/wp\/v2\/posts\/8663","targetHints":{"allow":["GET"]}}],"collection":[{"href":"https:\/\/ecclesiae.de\/blog\/index.php?rest_route=\/wp\/v2\/posts"}],"about":[{"href":"https:\/\/ecclesiae.de\/blog\/index.php?rest_route=\/wp\/v2\/types\/post"}],"author":[{"embeddable":true,"href":"https:\/\/ecclesiae.de\/blog\/index.php?rest_route=\/wp\/v2\/users\/3"}],"replies":[{"embeddable":true,"href":"https:\/\/ecclesiae.de\/blog\/index.php?rest_route=%2Fwp%2Fv2%2Fcomments&post=8663"}],"version-history":[{"count":1,"href":"https:\/\/ecclesiae.de\/blog\/index.php?rest_route=\/wp\/v2\/posts\/8663\/revisions"}],"predecessor-version":[{"id":8664,"href":"https:\/\/ecclesiae.de\/blog\/index.php?rest_route=\/wp\/v2\/posts\/8663\/revisions\/8664"}],"wp:attachment":[{"href":"https:\/\/ecclesiae.de\/blog\/index.php?rest_route=%2Fwp%2Fv2%2Fmedia&parent=8663"}],"wp:term":[{"taxonomy":"category","embeddable":true,"href":"https:\/\/ecclesiae.de\/blog\/index.php?rest_route=%2Fwp%2Fv2%2Fcategories&post=8663"},{"taxonomy":"post_tag","embeddable":true,"href":"https:\/\/ecclesiae.de\/blog\/index.php?rest_route=%2Fwp%2Fv2%2Ftags&post=8663"}],"curies":[{"name":"wp","href":"https:\/\/api.w.org\/{rel}","templated":true}]}}