{"id":8686,"date":"2020-11-19T00:01:00","date_gmt":"2020-11-19T00:01:00","guid":{"rendered":"http:\/\/ecclesiae.de\/blog\/?p=8686"},"modified":"2020-11-19T05:05:20","modified_gmt":"2020-11-19T05:05:20","slug":"19-november-deine-zeit-ist-nahe","status":"publish","type":"post","link":"https:\/\/ecclesiae.de\/blog\/?p=8686","title":{"rendered":"19. November &#8211; Deine Zeit ist nahe"},"content":{"rendered":"\n<div class=\"wp-block-media-text alignwide is-stacked-on-mobile\"><figure class=\"wp-block-media-text__media\"><img loading=\"lazy\" decoding=\"async\" width=\"980\" height=\"980\" src=\"https:\/\/ecclesiae.de\/blog\/wp-content\/uploads\/2019\/12\/IMG_20190801_064339_825.jpg\" alt=\"\" class=\"wp-image-7955\" srcset=\"https:\/\/ecclesiae.de\/blog\/wp-content\/uploads\/2019\/12\/IMG_20190801_064339_825.jpg 980w, https:\/\/ecclesiae.de\/blog\/wp-content\/uploads\/2019\/12\/IMG_20190801_064339_825-300x300.jpg 300w, https:\/\/ecclesiae.de\/blog\/wp-content\/uploads\/2019\/12\/IMG_20190801_064339_825-150x150.jpg 150w, https:\/\/ecclesiae.de\/blog\/wp-content\/uploads\/2019\/12\/IMG_20190801_064339_825-768x768.jpg 768w\" sizes=\"auto, (max-width: 980px) 100vw, 980px\" \/><\/figure><div class=\"wp-block-media-text__content\">\n<p class=\"has-text-align-center has-medium-font-size\">Treffen wir klare Entscheidungen:<\/p>\n\n\n\n<p class=\"has-text-align-center has-medium-font-size\">Entweder f\u00fcr den Gehorsam oder gegen den Gehorsam.<br>Entscheiden wir uns f\u00fcr die Ordnung oder f\u00fcr die Unordnung.<\/p>\n<\/div><\/div>\n","protected":false},"excerpt":{"rendered":"<p>Treffen wir klare Entscheidungen: Entweder f\u00fcr den Gehorsam oder gegen den Gehorsam.Entscheiden wir uns f\u00fcr die Ordnung oder f\u00fcr die Unordnung.<\/p>\n","protected":false},"author":3,"featured_media":0,"comment_status":"open","ping_status":"closed","sticky":false,"template":"","format":"standard","meta":{"footnotes":""},"categories":[1],"tags":[],"class_list":["post-8686","post","type-post","status-publish","format-standard","hentry","category-uncategorized"],"_links":{"self":[{"href":"https:\/\/ecclesiae.de\/blog\/index.php?rest_route=\/wp\/v2\/posts\/8686","targetHints":{"allow":["GET"]}}],"collection":[{"href":"https:\/\/ecclesiae.de\/blog\/index.php?rest_route=\/wp\/v2\/posts"}],"about":[{"href":"https:\/\/ecclesiae.de\/blog\/index.php?rest_route=\/wp\/v2\/types\/post"}],"author":[{"embeddable":true,"href":"https:\/\/ecclesiae.de\/blog\/index.php?rest_route=\/wp\/v2\/users\/3"}],"replies":[{"embeddable":true,"href":"https:\/\/ecclesiae.de\/blog\/index.php?rest_route=%2Fwp%2Fv2%2Fcomments&post=8686"}],"version-history":[{"count":2,"href":"https:\/\/ecclesiae.de\/blog\/index.php?rest_route=\/wp\/v2\/posts\/8686\/revisions"}],"predecessor-version":[{"id":8891,"href":"https:\/\/ecclesiae.de\/blog\/index.php?rest_route=\/wp\/v2\/posts\/8686\/revisions\/8891"}],"wp:attachment":[{"href":"https:\/\/ecclesiae.de\/blog\/index.php?rest_route=%2Fwp%2Fv2%2Fmedia&parent=8686"}],"wp:term":[{"taxonomy":"category","embeddable":true,"href":"https:\/\/ecclesiae.de\/blog\/index.php?rest_route=%2Fwp%2Fv2%2Fcategories&post=8686"},{"taxonomy":"post_tag","embeddable":true,"href":"https:\/\/ecclesiae.de\/blog\/index.php?rest_route=%2Fwp%2Fv2%2Ftags&post=8686"}],"curies":[{"name":"wp","href":"https:\/\/api.w.org\/{rel}","templated":true}]}}