{"id":8712,"date":"2020-11-30T00:00:43","date_gmt":"2020-11-30T00:00:43","guid":{"rendered":"http:\/\/ecclesiae.de\/blog\/?p=8712"},"modified":"2020-09-02T08:37:27","modified_gmt":"2020-09-02T08:37:27","slug":"30-november-worte-vom-hl-papst-johannes-paul-ii","status":"publish","type":"post","link":"https:\/\/ecclesiae.de\/blog\/?p=8712","title":{"rendered":"30. November &#8211; Worte vom hl. Papst Johannes Paul II."},"content":{"rendered":"\n<div class=\"wp-block-media-text alignwide is-stacked-on-mobile\"><figure class=\"wp-block-media-text__media\"><img loading=\"lazy\" decoding=\"async\" width=\"1024\" height=\"727\" src=\"https:\/\/ecclesiae.de\/blog\/wp-content\/uploads\/2016\/11\/Abendrot-1024x727.jpg\" alt=\"\" class=\"wp-image-5062\" srcset=\"https:\/\/ecclesiae.de\/blog\/wp-content\/uploads\/2016\/11\/Abendrot-1024x727.jpg 1024w, https:\/\/ecclesiae.de\/blog\/wp-content\/uploads\/2016\/11\/Abendrot-300x213.jpg 300w, https:\/\/ecclesiae.de\/blog\/wp-content\/uploads\/2016\/11\/Abendrot-768x545.jpg 768w, https:\/\/ecclesiae.de\/blog\/wp-content\/uploads\/2016\/11\/Abendrot-423x300.jpg 423w, https:\/\/ecclesiae.de\/blog\/wp-content\/uploads\/2016\/11\/Abendrot.jpg 1600w\" sizes=\"auto, (max-width: 1024px) 100vw, 1024px\" \/><\/figure><div class=\"wp-block-media-text__content\">\n<p class=\"has-text-align-center has-normal-font-size\">&#8222;Deshalb ist Advent ein Synonym f\u00fcr<em>\u00a0Hoffnung<\/em>: nicht vergebliches Warten auf einen Gott ohne Gesicht, sondern konkretes und sicheres Vertrauen auf die R\u00fcckkehr dessen, der uns schon besucht hat, des \u00bbBr\u00e4utigams\u00ab, der durch sein Blut einen ewigen Bund mit der Menschheit besiegelt hat. <\/p>\n<\/div><\/div>\n\n\n\n<p class=\"has-text-align-center has-normal-font-size\">Es ist eine Hoffnung, die zur\u00a0<em>Wachsamkeit<\/em>, jenem besonderen Kennzeichen dieser besonderen liturgischen Zeit, anregt: Wachsamkeit im\u00a0<em>Gebet<\/em>, von liebevoller Erwartung beseelt; Wachsamkeit in der Dynamik einer\u00a0<em>konkreten N\u00e4chstenliebe<\/em>\u00a0und in dem Bewu\u00dftsein, da\u00df das Reich Gottes dort nahe ist, wo die Menschen lernen, als Br\u00fcder zu leben.&#8220;<\/p>\n\n\n\n<p class=\"has-text-align-center\"><em>Papst Johannes Paul II. am 1. Adventssonntag, 1. Dezember 2002<\/em><\/p>\n","protected":false},"excerpt":{"rendered":"<p>&#8222;Deshalb ist Advent ein Synonym f\u00fcr\u00a0Hoffnung: nicht vergebliches Warten auf einen Gott ohne Gesicht, sondern konkretes und sicheres Vertrauen auf die R\u00fcckkehr dessen, der uns schon besucht hat, des \u00bbBr\u00e4utigams\u00ab, der durch sein Blut einen ewigen Bund mit der Menschheit &hellip; <a href=\"https:\/\/ecclesiae.de\/blog\/?p=8712\">Weiterlesen <span class=\"meta-nav\">&rarr;<\/span><\/a><\/p>\n","protected":false},"author":3,"featured_media":0,"comment_status":"open","ping_status":"closed","sticky":false,"template":"","format":"standard","meta":{"footnotes":""},"categories":[1],"tags":[],"class_list":["post-8712","post","type-post","status-publish","format-standard","hentry","category-uncategorized"],"_links":{"self":[{"href":"https:\/\/ecclesiae.de\/blog\/index.php?rest_route=\/wp\/v2\/posts\/8712","targetHints":{"allow":["GET"]}}],"collection":[{"href":"https:\/\/ecclesiae.de\/blog\/index.php?rest_route=\/wp\/v2\/posts"}],"about":[{"href":"https:\/\/ecclesiae.de\/blog\/index.php?rest_route=\/wp\/v2\/types\/post"}],"author":[{"embeddable":true,"href":"https:\/\/ecclesiae.de\/blog\/index.php?rest_route=\/wp\/v2\/users\/3"}],"replies":[{"embeddable":true,"href":"https:\/\/ecclesiae.de\/blog\/index.php?rest_route=%2Fwp%2Fv2%2Fcomments&post=8712"}],"version-history":[{"count":1,"href":"https:\/\/ecclesiae.de\/blog\/index.php?rest_route=\/wp\/v2\/posts\/8712\/revisions"}],"predecessor-version":[{"id":8713,"href":"https:\/\/ecclesiae.de\/blog\/index.php?rest_route=\/wp\/v2\/posts\/8712\/revisions\/8713"}],"wp:attachment":[{"href":"https:\/\/ecclesiae.de\/blog\/index.php?rest_route=%2Fwp%2Fv2%2Fmedia&parent=8712"}],"wp:term":[{"taxonomy":"category","embeddable":true,"href":"https:\/\/ecclesiae.de\/blog\/index.php?rest_route=%2Fwp%2Fv2%2Fcategories&post=8712"},{"taxonomy":"post_tag","embeddable":true,"href":"https:\/\/ecclesiae.de\/blog\/index.php?rest_route=%2Fwp%2Fv2%2Ftags&post=8712"}],"curies":[{"name":"wp","href":"https:\/\/api.w.org\/{rel}","templated":true}]}}