{"id":8738,"date":"2020-12-08T00:01:00","date_gmt":"2020-12-08T00:01:00","guid":{"rendered":"http:\/\/ecclesiae.de\/blog\/?p=8738"},"modified":"2020-09-03T13:20:02","modified_gmt":"2020-09-03T13:20:02","slug":"08-dezember-worte-vom-hl-papst-johannes-paul-ii","status":"publish","type":"post","link":"https:\/\/ecclesiae.de\/blog\/?p=8738","title":{"rendered":"08. Dezember &#8211; Worte vom hl. Papst Johannes Paul II."},"content":{"rendered":"\n<div class=\"wp-block-media-text alignwide is-stacked-on-mobile\"><figure class=\"wp-block-media-text__media\"><img loading=\"lazy\" decoding=\"async\" width=\"579\" height=\"1024\" src=\"https:\/\/ecclesiae.de\/blog\/wp-content\/uploads\/2020\/09\/8-Dezember-579x1024.jpg\" alt=\"\" class=\"wp-image-8739\" srcset=\"https:\/\/ecclesiae.de\/blog\/wp-content\/uploads\/2020\/09\/8-Dezember-579x1024.jpg 579w, https:\/\/ecclesiae.de\/blog\/wp-content\/uploads\/2020\/09\/8-Dezember-170x300.jpg 170w, https:\/\/ecclesiae.de\/blog\/wp-content\/uploads\/2020\/09\/8-Dezember-768x1358.jpg 768w, https:\/\/ecclesiae.de\/blog\/wp-content\/uploads\/2020\/09\/8-Dezember-869x1536.jpg 869w, https:\/\/ecclesiae.de\/blog\/wp-content\/uploads\/2020\/09\/8-Dezember-1158x2048.jpg 1158w, https:\/\/ecclesiae.de\/blog\/wp-content\/uploads\/2020\/09\/8-Dezember-scaled.jpg 1448w\" sizes=\"auto, (max-width: 579px) 100vw, 579px\" \/><\/figure><div class=\"wp-block-media-text__content\">\n<p class=\"has-text-align-center\">\u00bb<em>Tota pulchra es Maria&nbsp;<\/em>\u2013 Ganz sch\u00f6n bist Du, Maria.\u00ab<\/p>\n\n\n\n<p class=\"has-text-align-center\">&#8222;Die Kirche feiert heute die Unbefleckte Empf\u00e4ngnis der seligen Jungfrau Maria. Wenn Christus der Tag ohne Untergang ist, dann ist Maria dessen vor Sch\u00f6nheit strahlende Morgenr\u00f6te.<\/p>\n\n\n\n<p class=\"has-text-align-center\">Dazu auserw\u00e4hlt, die\u00a0<em>Mutter des fleischgewordenen Wortes<\/em>\u00a0zu sein, ist sie zugleich die Erstlingsfrucht seines Erl\u00f6sungswerkes. Die Gnade des Erl\u00f6sers Christus hat in ihr im voraus gewirkt,\u00a0<em>indem sie sie vor der Erbs\u00fcnde und jedem Makel der Schuld bewahrt hat<\/em>.&#8220;<\/p>\n\n\n\n<p class=\"has-text-align-center\">(Aus einer Ansprache von <em>Papst Johannes Paul II.&nbsp; <\/em>am 8. Dezember 2003)<\/p>\n<\/div><\/div>\n","protected":false},"excerpt":{"rendered":"<p>\u00bbTota pulchra es Maria&nbsp;\u2013 Ganz sch\u00f6n bist Du, Maria.\u00ab &#8222;Die Kirche feiert heute die Unbefleckte Empf\u00e4ngnis der seligen Jungfrau Maria. Wenn Christus der Tag ohne Untergang ist, dann ist Maria dessen vor Sch\u00f6nheit strahlende Morgenr\u00f6te. Dazu auserw\u00e4hlt, die\u00a0Mutter des fleischgewordenen &hellip; <a href=\"https:\/\/ecclesiae.de\/blog\/?p=8738\">Weiterlesen <span class=\"meta-nav\">&rarr;<\/span><\/a><\/p>\n","protected":false},"author":3,"featured_media":0,"comment_status":"open","ping_status":"closed","sticky":false,"template":"","format":"standard","meta":{"footnotes":""},"categories":[1],"tags":[],"class_list":["post-8738","post","type-post","status-publish","format-standard","hentry","category-uncategorized"],"_links":{"self":[{"href":"https:\/\/ecclesiae.de\/blog\/index.php?rest_route=\/wp\/v2\/posts\/8738","targetHints":{"allow":["GET"]}}],"collection":[{"href":"https:\/\/ecclesiae.de\/blog\/index.php?rest_route=\/wp\/v2\/posts"}],"about":[{"href":"https:\/\/ecclesiae.de\/blog\/index.php?rest_route=\/wp\/v2\/types\/post"}],"author":[{"embeddable":true,"href":"https:\/\/ecclesiae.de\/blog\/index.php?rest_route=\/wp\/v2\/users\/3"}],"replies":[{"embeddable":true,"href":"https:\/\/ecclesiae.de\/blog\/index.php?rest_route=%2Fwp%2Fv2%2Fcomments&post=8738"}],"version-history":[{"count":1,"href":"https:\/\/ecclesiae.de\/blog\/index.php?rest_route=\/wp\/v2\/posts\/8738\/revisions"}],"predecessor-version":[{"id":8740,"href":"https:\/\/ecclesiae.de\/blog\/index.php?rest_route=\/wp\/v2\/posts\/8738\/revisions\/8740"}],"wp:attachment":[{"href":"https:\/\/ecclesiae.de\/blog\/index.php?rest_route=%2Fwp%2Fv2%2Fmedia&parent=8738"}],"wp:term":[{"taxonomy":"category","embeddable":true,"href":"https:\/\/ecclesiae.de\/blog\/index.php?rest_route=%2Fwp%2Fv2%2Fcategories&post=8738"},{"taxonomy":"post_tag","embeddable":true,"href":"https:\/\/ecclesiae.de\/blog\/index.php?rest_route=%2Fwp%2Fv2%2Ftags&post=8738"}],"curies":[{"name":"wp","href":"https:\/\/api.w.org\/{rel}","templated":true}]}}