{"id":8746,"date":"2020-12-11T00:00:00","date_gmt":"2020-12-11T00:00:00","guid":{"rendered":"http:\/\/ecclesiae.de\/blog\/?p=8746"},"modified":"2020-09-03T13:24:54","modified_gmt":"2020-09-03T13:24:54","slug":"11-dezember-worte-vom-hl-papst-johannes-paul-ii","status":"publish","type":"post","link":"https:\/\/ecclesiae.de\/blog\/?p=8746","title":{"rendered":"11. Dezember &#8211; Worte vom hl. Papst Johannes Paul II."},"content":{"rendered":"\n<div class=\"wp-block-media-text alignwide is-stacked-on-mobile\"><figure class=\"wp-block-media-text__media\"><img loading=\"lazy\" decoding=\"async\" width=\"485\" height=\"1024\" src=\"https:\/\/ecclesiae.de\/blog\/wp-content\/uploads\/2020\/09\/w1-485x1024.jpg\" alt=\"\" class=\"wp-image-8729\" srcset=\"https:\/\/ecclesiae.de\/blog\/wp-content\/uploads\/2020\/09\/w1-485x1024.jpg 485w, https:\/\/ecclesiae.de\/blog\/wp-content\/uploads\/2020\/09\/w1-142x300.jpg 142w, https:\/\/ecclesiae.de\/blog\/wp-content\/uploads\/2020\/09\/w1-768x1623.jpg 768w, https:\/\/ecclesiae.de\/blog\/wp-content\/uploads\/2020\/09\/w1-727x1536.jpg 727w, https:\/\/ecclesiae.de\/blog\/wp-content\/uploads\/2020\/09\/w1-969x2048.jpg 969w, https:\/\/ecclesiae.de\/blog\/wp-content\/uploads\/2020\/09\/w1-scaled.jpg 1211w\" sizes=\"auto, (max-width: 485px) 100vw, 485px\" \/><\/figure><div class=\"wp-block-media-text__content\">\n<p><a href=\"https:\/\/www.zitate.eu\/autor\/papst-johannes-paul-ii-zitate\/124820\"><\/a><\/p>\n\n\n\n<p class=\"has-text-align-center has-medium-font-size\">&#8222;M\u00f6ge Gott aus den Herzen des Menschen jede Spur von Missgunst, Feindschaft und Hass tilgen und sie zu Vers\u00f6hnung, Solidarit\u00e4t und Frieden bereit machen.&#8220;<\/p>\n\n\n\n<p class=\"has-text-align-center\"><em>&nbsp;Papst Johannes Paul II.<\/em><\/p>\n<\/div><\/div>\n","protected":false},"excerpt":{"rendered":"<p>&#8222;M\u00f6ge Gott aus den Herzen des Menschen jede Spur von Missgunst, Feindschaft und Hass tilgen und sie zu Vers\u00f6hnung, Solidarit\u00e4t und Frieden bereit machen.&#8220; &nbsp;Papst Johannes Paul II.<\/p>\n","protected":false},"author":3,"featured_media":0,"comment_status":"open","ping_status":"closed","sticky":false,"template":"","format":"standard","meta":{"footnotes":""},"categories":[1],"tags":[],"class_list":["post-8746","post","type-post","status-publish","format-standard","hentry","category-uncategorized"],"_links":{"self":[{"href":"https:\/\/ecclesiae.de\/blog\/index.php?rest_route=\/wp\/v2\/posts\/8746","targetHints":{"allow":["GET"]}}],"collection":[{"href":"https:\/\/ecclesiae.de\/blog\/index.php?rest_route=\/wp\/v2\/posts"}],"about":[{"href":"https:\/\/ecclesiae.de\/blog\/index.php?rest_route=\/wp\/v2\/types\/post"}],"author":[{"embeddable":true,"href":"https:\/\/ecclesiae.de\/blog\/index.php?rest_route=\/wp\/v2\/users\/3"}],"replies":[{"embeddable":true,"href":"https:\/\/ecclesiae.de\/blog\/index.php?rest_route=%2Fwp%2Fv2%2Fcomments&post=8746"}],"version-history":[{"count":1,"href":"https:\/\/ecclesiae.de\/blog\/index.php?rest_route=\/wp\/v2\/posts\/8746\/revisions"}],"predecessor-version":[{"id":8747,"href":"https:\/\/ecclesiae.de\/blog\/index.php?rest_route=\/wp\/v2\/posts\/8746\/revisions\/8747"}],"wp:attachment":[{"href":"https:\/\/ecclesiae.de\/blog\/index.php?rest_route=%2Fwp%2Fv2%2Fmedia&parent=8746"}],"wp:term":[{"taxonomy":"category","embeddable":true,"href":"https:\/\/ecclesiae.de\/blog\/index.php?rest_route=%2Fwp%2Fv2%2Fcategories&post=8746"},{"taxonomy":"post_tag","embeddable":true,"href":"https:\/\/ecclesiae.de\/blog\/index.php?rest_route=%2Fwp%2Fv2%2Ftags&post=8746"}],"curies":[{"name":"wp","href":"https:\/\/api.w.org\/{rel}","templated":true}]}}