{"id":8748,"date":"2020-12-12T00:01:00","date_gmt":"2020-12-12T00:01:00","guid":{"rendered":"http:\/\/ecclesiae.de\/blog\/?p=8748"},"modified":"2020-09-03T13:27:04","modified_gmt":"2020-09-03T13:27:04","slug":"12-dezember-worte-vom-hl-papst-johannes-paul-ii","status":"publish","type":"post","link":"https:\/\/ecclesiae.de\/blog\/?p=8748","title":{"rendered":"12. Dezember &#8211; Worte vom hl. Papst Johannes Paul II."},"content":{"rendered":"\n<div class=\"wp-block-media-text alignwide is-stacked-on-mobile\"><figure class=\"wp-block-media-text__media\"><img loading=\"lazy\" decoding=\"async\" width=\"980\" height=\"980\" src=\"https:\/\/ecclesiae.de\/blog\/wp-content\/uploads\/2019\/12\/IMG_20191025_070539_816.jpg\" alt=\"\" class=\"wp-image-7961\" srcset=\"https:\/\/ecclesiae.de\/blog\/wp-content\/uploads\/2019\/12\/IMG_20191025_070539_816.jpg 980w, https:\/\/ecclesiae.de\/blog\/wp-content\/uploads\/2019\/12\/IMG_20191025_070539_816-300x300.jpg 300w, https:\/\/ecclesiae.de\/blog\/wp-content\/uploads\/2019\/12\/IMG_20191025_070539_816-150x150.jpg 150w, https:\/\/ecclesiae.de\/blog\/wp-content\/uploads\/2019\/12\/IMG_20191025_070539_816-768x768.jpg 768w\" sizes=\"auto, (max-width: 980px) 100vw, 980px\" \/><\/figure><div class=\"wp-block-media-text__content\">\n<p class=\"has-text-align-center has-normal-font-size\">&#8222;In einer Welt, in der nichts mehr wirklich wichtig ist, in der man tun kann, was man will, besteht die Gefahr, dass Prinzipien, Wahrheiten und Werte, die in Jahrhunderten m\u00fchsam erworben wurden, auf die M\u00fcllhalde eines \u00fcbertriebenen Liberalismus gekippt werden.&#8220;<\/p>\n\n\n\n<p class=\"has-text-align-center\">(Auszug der Ansprache im Vatikan von <em>Papst Johannes Paul II. \u00a0<\/em>an die bayerischen Bisch\u00f6fe am 4. Dezember 1992)<\/p>\n<\/div><\/div>\n","protected":false},"excerpt":{"rendered":"<p>&#8222;In einer Welt, in der nichts mehr wirklich wichtig ist, in der man tun kann, was man will, besteht die Gefahr, dass Prinzipien, Wahrheiten und Werte, die in Jahrhunderten m\u00fchsam erworben wurden, auf die M\u00fcllhalde eines \u00fcbertriebenen Liberalismus gekippt werden.&#8220; &hellip; <a href=\"https:\/\/ecclesiae.de\/blog\/?p=8748\">Weiterlesen <span class=\"meta-nav\">&rarr;<\/span><\/a><\/p>\n","protected":false},"author":3,"featured_media":0,"comment_status":"open","ping_status":"closed","sticky":false,"template":"","format":"standard","meta":{"footnotes":""},"categories":[1],"tags":[],"class_list":["post-8748","post","type-post","status-publish","format-standard","hentry","category-uncategorized"],"_links":{"self":[{"href":"https:\/\/ecclesiae.de\/blog\/index.php?rest_route=\/wp\/v2\/posts\/8748","targetHints":{"allow":["GET"]}}],"collection":[{"href":"https:\/\/ecclesiae.de\/blog\/index.php?rest_route=\/wp\/v2\/posts"}],"about":[{"href":"https:\/\/ecclesiae.de\/blog\/index.php?rest_route=\/wp\/v2\/types\/post"}],"author":[{"embeddable":true,"href":"https:\/\/ecclesiae.de\/blog\/index.php?rest_route=\/wp\/v2\/users\/3"}],"replies":[{"embeddable":true,"href":"https:\/\/ecclesiae.de\/blog\/index.php?rest_route=%2Fwp%2Fv2%2Fcomments&post=8748"}],"version-history":[{"count":1,"href":"https:\/\/ecclesiae.de\/blog\/index.php?rest_route=\/wp\/v2\/posts\/8748\/revisions"}],"predecessor-version":[{"id":8749,"href":"https:\/\/ecclesiae.de\/blog\/index.php?rest_route=\/wp\/v2\/posts\/8748\/revisions\/8749"}],"wp:attachment":[{"href":"https:\/\/ecclesiae.de\/blog\/index.php?rest_route=%2Fwp%2Fv2%2Fmedia&parent=8748"}],"wp:term":[{"taxonomy":"category","embeddable":true,"href":"https:\/\/ecclesiae.de\/blog\/index.php?rest_route=%2Fwp%2Fv2%2Fcategories&post=8748"},{"taxonomy":"post_tag","embeddable":true,"href":"https:\/\/ecclesiae.de\/blog\/index.php?rest_route=%2Fwp%2Fv2%2Ftags&post=8748"}],"curies":[{"name":"wp","href":"https:\/\/api.w.org\/{rel}","templated":true}]}}