{"id":8750,"date":"2020-12-13T00:01:14","date_gmt":"2020-12-13T00:01:14","guid":{"rendered":"http:\/\/ecclesiae.de\/blog\/?p=8750"},"modified":"2020-09-03T13:30:38","modified_gmt":"2020-09-03T13:30:38","slug":"13-dezember-worte-vom-hl-papst-johannes-paul-ii","status":"publish","type":"post","link":"https:\/\/ecclesiae.de\/blog\/?p=8750","title":{"rendered":"13. Dezember &#8211; Worte vom hl. Papst Johannes Paul II."},"content":{"rendered":"\n<div class=\"wp-block-media-text alignwide is-stacked-on-mobile\"><figure class=\"wp-block-media-text__media\"><img loading=\"lazy\" decoding=\"async\" width=\"1024\" height=\"575\" src=\"https:\/\/ecclesiae.de\/blog\/wp-content\/uploads\/2020\/09\/www-1024x575.jpg\" alt=\"\" class=\"wp-image-8734\" srcset=\"https:\/\/ecclesiae.de\/blog\/wp-content\/uploads\/2020\/09\/www-1024x575.jpg 1024w, https:\/\/ecclesiae.de\/blog\/wp-content\/uploads\/2020\/09\/www-300x168.jpg 300w, https:\/\/ecclesiae.de\/blog\/wp-content\/uploads\/2020\/09\/www-768x431.jpg 768w, https:\/\/ecclesiae.de\/blog\/wp-content\/uploads\/2020\/09\/www-1536x863.jpg 1536w, https:\/\/ecclesiae.de\/blog\/wp-content\/uploads\/2020\/09\/www-2048x1150.jpg 2048w, https:\/\/ecclesiae.de\/blog\/wp-content\/uploads\/2020\/09\/www-500x281.jpg 500w\" sizes=\"auto, (max-width: 1024px) 100vw, 1024px\" \/><\/figure><div class=\"wp-block-media-text__content\">\n<p class=\"has-text-align-center\" style=\"font-size:18px\">&#8222;Der Advent ist eine Zeit der Freude, denn er l\u00e4sst uns aufs neue die\u00a0Erwartung des freudigsten Ereignisses der Geschichte\u00a0erleben: die Geburt des Sohnes Gottes aus der Jungfrau Maria.<\/p>\n<\/div><\/div>\n\n\n\n<p class=\"has-text-align-center\" style=\"font-size:18px\">Zu wissen, dass Gott nicht fern ist, sondern nahe, nicht gleichg\u00fcltig, sondern mitleidsvoll, nicht ein Fremder, sondern ein barmherziger Vater, der sich unter Achtung unserer Freiheit liebevoll um uns k\u00fcmmert: all dies ist Grund zu tiefer Freude, der selbst die Wechself\u00e4lle des allt\u00e4glichen Lebens nichts anhaben k\u00f6nnen.&#8220;<\/p>\n\n\n\n<p class=\"has-text-align-center has-small-font-size\">(Aus einer Ansprache von <em>Papst Johannes Paul II. <\/em>am 14. Dezember 2003)<\/p>\n","protected":false},"excerpt":{"rendered":"<p>&#8222;Der Advent ist eine Zeit der Freude, denn er l\u00e4sst uns aufs neue die\u00a0Erwartung des freudigsten Ereignisses der Geschichte\u00a0erleben: die Geburt des Sohnes Gottes aus der Jungfrau Maria. Zu wissen, dass Gott nicht fern ist, sondern nahe, nicht gleichg\u00fcltig, sondern &hellip; <a href=\"https:\/\/ecclesiae.de\/blog\/?p=8750\">Weiterlesen <span class=\"meta-nav\">&rarr;<\/span><\/a><\/p>\n","protected":false},"author":3,"featured_media":0,"comment_status":"open","ping_status":"closed","sticky":false,"template":"","format":"standard","meta":{"footnotes":""},"categories":[1],"tags":[],"class_list":["post-8750","post","type-post","status-publish","format-standard","hentry","category-uncategorized"],"_links":{"self":[{"href":"https:\/\/ecclesiae.de\/blog\/index.php?rest_route=\/wp\/v2\/posts\/8750","targetHints":{"allow":["GET"]}}],"collection":[{"href":"https:\/\/ecclesiae.de\/blog\/index.php?rest_route=\/wp\/v2\/posts"}],"about":[{"href":"https:\/\/ecclesiae.de\/blog\/index.php?rest_route=\/wp\/v2\/types\/post"}],"author":[{"embeddable":true,"href":"https:\/\/ecclesiae.de\/blog\/index.php?rest_route=\/wp\/v2\/users\/3"}],"replies":[{"embeddable":true,"href":"https:\/\/ecclesiae.de\/blog\/index.php?rest_route=%2Fwp%2Fv2%2Fcomments&post=8750"}],"version-history":[{"count":2,"href":"https:\/\/ecclesiae.de\/blog\/index.php?rest_route=\/wp\/v2\/posts\/8750\/revisions"}],"predecessor-version":[{"id":8752,"href":"https:\/\/ecclesiae.de\/blog\/index.php?rest_route=\/wp\/v2\/posts\/8750\/revisions\/8752"}],"wp:attachment":[{"href":"https:\/\/ecclesiae.de\/blog\/index.php?rest_route=%2Fwp%2Fv2%2Fmedia&parent=8750"}],"wp:term":[{"taxonomy":"category","embeddable":true,"href":"https:\/\/ecclesiae.de\/blog\/index.php?rest_route=%2Fwp%2Fv2%2Fcategories&post=8750"},{"taxonomy":"post_tag","embeddable":true,"href":"https:\/\/ecclesiae.de\/blog\/index.php?rest_route=%2Fwp%2Fv2%2Ftags&post=8750"}],"curies":[{"name":"wp","href":"https:\/\/api.w.org\/{rel}","templated":true}]}}