{"id":8753,"date":"2020-12-14T00:01:51","date_gmt":"2020-12-14T00:01:51","guid":{"rendered":"http:\/\/ecclesiae.de\/blog\/?p=8753"},"modified":"2020-09-03T13:33:22","modified_gmt":"2020-09-03T13:33:22","slug":"14-dezember-worte-vom-hl-papst-johannes-paul-ii","status":"publish","type":"post","link":"https:\/\/ecclesiae.de\/blog\/?p=8753","title":{"rendered":"14. Dezember &#8211; Worte vom hl. Papst Johannes Paul II."},"content":{"rendered":"\n<div class=\"wp-block-media-text alignwide is-stacked-on-mobile\"><figure class=\"wp-block-media-text__media\"><img loading=\"lazy\" decoding=\"async\" width=\"1024\" height=\"536\" src=\"https:\/\/ecclesiae.de\/blog\/wp-content\/uploads\/2019\/12\/IMG_20190910_121856_072-1024x536.jpg\" alt=\"\" class=\"wp-image-7956\" srcset=\"https:\/\/ecclesiae.de\/blog\/wp-content\/uploads\/2019\/12\/IMG_20190910_121856_072-1024x536.jpg 1024w, https:\/\/ecclesiae.de\/blog\/wp-content\/uploads\/2019\/12\/IMG_20190910_121856_072-300x157.jpg 300w, https:\/\/ecclesiae.de\/blog\/wp-content\/uploads\/2019\/12\/IMG_20190910_121856_072-768x402.jpg 768w, https:\/\/ecclesiae.de\/blog\/wp-content\/uploads\/2019\/12\/IMG_20190910_121856_072-1536x804.jpg 1536w, https:\/\/ecclesiae.de\/blog\/wp-content\/uploads\/2019\/12\/IMG_20190910_121856_072-2048x1072.jpg 2048w, https:\/\/ecclesiae.de\/blog\/wp-content\/uploads\/2019\/12\/IMG_20190910_121856_072-500x262.jpg 500w\" sizes=\"auto, (max-width: 1024px) 100vw, 1024px\" \/><\/figure><div class=\"wp-block-media-text__content\">\n<p class=\"has-text-align-center has-normal-font-size\">&#8222;Es ist ein unverwechselbares Kennzeichen der christlichen Freude, dass sie sehr wohl\u00a0<em>auch neben dem Leid bestehen\u00a0<\/em>kann, denn sie gr\u00fcndet vollkommen auf der Liebe.<\/p>\n<\/div><\/div>\n\n\n\n<p class=\"has-text-align-center has-normal-font-size\">In der Tat kommt der Herr \u2013 der uns so \u00bbnahe\u00ab ist, dass er Mensch wurde \u2013, um uns seine Freude, die\u00a0<em>Freude zu lieben<\/em>, einzufl\u00f6\u00dfen. Nur so l\u00e4sst sich die unbeschwerte Freude der M\u00e4rtyrer verstehen auch inmitten aller Pr\u00fcfungen oder das L\u00e4cheln der Heiligen der N\u00e4chstenliebe angesichts der Menschen im Elend: ein L\u00e4cheln, das nicht verletzt, sondern tr\u00f6stet.&#8220;<\/p>\n\n\n\n<p class=\"has-text-align-center\">(Aus einer Ansprache von <em>Papst Johannes Paul II.&nbsp; <\/em>am 14. Dezember 2003)<\/p>\n","protected":false},"excerpt":{"rendered":"<p>&#8222;Es ist ein unverwechselbares Kennzeichen der christlichen Freude, dass sie sehr wohl\u00a0auch neben dem Leid bestehen\u00a0kann, denn sie gr\u00fcndet vollkommen auf der Liebe. In der Tat kommt der Herr \u2013 der uns so \u00bbnahe\u00ab ist, dass er Mensch wurde \u2013, &hellip; <a href=\"https:\/\/ecclesiae.de\/blog\/?p=8753\">Weiterlesen <span class=\"meta-nav\">&rarr;<\/span><\/a><\/p>\n","protected":false},"author":3,"featured_media":0,"comment_status":"open","ping_status":"closed","sticky":false,"template":"","format":"standard","meta":{"footnotes":""},"categories":[1],"tags":[],"class_list":["post-8753","post","type-post","status-publish","format-standard","hentry","category-uncategorized"],"_links":{"self":[{"href":"https:\/\/ecclesiae.de\/blog\/index.php?rest_route=\/wp\/v2\/posts\/8753","targetHints":{"allow":["GET"]}}],"collection":[{"href":"https:\/\/ecclesiae.de\/blog\/index.php?rest_route=\/wp\/v2\/posts"}],"about":[{"href":"https:\/\/ecclesiae.de\/blog\/index.php?rest_route=\/wp\/v2\/types\/post"}],"author":[{"embeddable":true,"href":"https:\/\/ecclesiae.de\/blog\/index.php?rest_route=\/wp\/v2\/users\/3"}],"replies":[{"embeddable":true,"href":"https:\/\/ecclesiae.de\/blog\/index.php?rest_route=%2Fwp%2Fv2%2Fcomments&post=8753"}],"version-history":[{"count":1,"href":"https:\/\/ecclesiae.de\/blog\/index.php?rest_route=\/wp\/v2\/posts\/8753\/revisions"}],"predecessor-version":[{"id":8754,"href":"https:\/\/ecclesiae.de\/blog\/index.php?rest_route=\/wp\/v2\/posts\/8753\/revisions\/8754"}],"wp:attachment":[{"href":"https:\/\/ecclesiae.de\/blog\/index.php?rest_route=%2Fwp%2Fv2%2Fmedia&parent=8753"}],"wp:term":[{"taxonomy":"category","embeddable":true,"href":"https:\/\/ecclesiae.de\/blog\/index.php?rest_route=%2Fwp%2Fv2%2Fcategories&post=8753"},{"taxonomy":"post_tag","embeddable":true,"href":"https:\/\/ecclesiae.de\/blog\/index.php?rest_route=%2Fwp%2Fv2%2Ftags&post=8753"}],"curies":[{"name":"wp","href":"https:\/\/api.w.org\/{rel}","templated":true}]}}