{"id":8755,"date":"2020-12-15T00:01:28","date_gmt":"2020-12-15T00:01:28","guid":{"rendered":"http:\/\/ecclesiae.de\/blog\/?p=8755"},"modified":"2020-09-03T13:34:46","modified_gmt":"2020-09-03T13:34:46","slug":"15-dezember-worte-vom-hl-papst-johannes-paul-ii","status":"publish","type":"post","link":"https:\/\/ecclesiae.de\/blog\/?p=8755","title":{"rendered":"15. Dezember &#8211; Worte vom hl. Papst Johannes Paul II."},"content":{"rendered":"\n<div class=\"wp-block-media-text alignwide is-stacked-on-mobile\"><figure class=\"wp-block-media-text__media\"><img loading=\"lazy\" decoding=\"async\" width=\"1024\" height=\"768\" src=\"https:\/\/ecclesiae.de\/blog\/wp-content\/uploads\/2019\/11\/DSCF9019-1024x768.jpg\" alt=\"\" class=\"wp-image-7863\" srcset=\"https:\/\/ecclesiae.de\/blog\/wp-content\/uploads\/2019\/11\/DSCF9019-1024x768.jpg 1024w, https:\/\/ecclesiae.de\/blog\/wp-content\/uploads\/2019\/11\/DSCF9019-300x225.jpg 300w, https:\/\/ecclesiae.de\/blog\/wp-content\/uploads\/2019\/11\/DSCF9019-768x576.jpg 768w, https:\/\/ecclesiae.de\/blog\/wp-content\/uploads\/2019\/11\/DSCF9019-400x300.jpg 400w\" sizes=\"auto, (max-width: 1024px) 100vw, 1024px\" \/><\/figure><div class=\"wp-block-media-text__content\">\n<p class=\"has-text-align-center has-normal-font-size\">&#8222;Liebe Kinder und Jugendliche, wenn ihr die kleine Jesusfigur in die Krippe legt, sprecht ein Gebet f\u00fcr mich und f\u00fcr die vielen Menschen, die sich in ihren N\u00f6ten an den Papst wenden.&#8220;\u00a0<\/p>\n\n\n\n<p class=\"has-text-align-center\">(Aus einer Ansprache von <em>Papst Johannes Paul II. <\/em>am 14. Dezember 2003 an die Kinder)<\/p>\n<\/div><\/div>\n","protected":false},"excerpt":{"rendered":"<p>&#8222;Liebe Kinder und Jugendliche, wenn ihr die kleine Jesusfigur in die Krippe legt, sprecht ein Gebet f\u00fcr mich und f\u00fcr die vielen Menschen, die sich in ihren N\u00f6ten an den Papst wenden.&#8220;\u00a0 (Aus einer Ansprache von Papst Johannes Paul II. &hellip; <a href=\"https:\/\/ecclesiae.de\/blog\/?p=8755\">Weiterlesen <span class=\"meta-nav\">&rarr;<\/span><\/a><\/p>\n","protected":false},"author":3,"featured_media":0,"comment_status":"open","ping_status":"closed","sticky":false,"template":"","format":"standard","meta":{"footnotes":""},"categories":[1],"tags":[],"class_list":["post-8755","post","type-post","status-publish","format-standard","hentry","category-uncategorized"],"_links":{"self":[{"href":"https:\/\/ecclesiae.de\/blog\/index.php?rest_route=\/wp\/v2\/posts\/8755","targetHints":{"allow":["GET"]}}],"collection":[{"href":"https:\/\/ecclesiae.de\/blog\/index.php?rest_route=\/wp\/v2\/posts"}],"about":[{"href":"https:\/\/ecclesiae.de\/blog\/index.php?rest_route=\/wp\/v2\/types\/post"}],"author":[{"embeddable":true,"href":"https:\/\/ecclesiae.de\/blog\/index.php?rest_route=\/wp\/v2\/users\/3"}],"replies":[{"embeddable":true,"href":"https:\/\/ecclesiae.de\/blog\/index.php?rest_route=%2Fwp%2Fv2%2Fcomments&post=8755"}],"version-history":[{"count":1,"href":"https:\/\/ecclesiae.de\/blog\/index.php?rest_route=\/wp\/v2\/posts\/8755\/revisions"}],"predecessor-version":[{"id":8756,"href":"https:\/\/ecclesiae.de\/blog\/index.php?rest_route=\/wp\/v2\/posts\/8755\/revisions\/8756"}],"wp:attachment":[{"href":"https:\/\/ecclesiae.de\/blog\/index.php?rest_route=%2Fwp%2Fv2%2Fmedia&parent=8755"}],"wp:term":[{"taxonomy":"category","embeddable":true,"href":"https:\/\/ecclesiae.de\/blog\/index.php?rest_route=%2Fwp%2Fv2%2Fcategories&post=8755"},{"taxonomy":"post_tag","embeddable":true,"href":"https:\/\/ecclesiae.de\/blog\/index.php?rest_route=%2Fwp%2Fv2%2Ftags&post=8755"}],"curies":[{"name":"wp","href":"https:\/\/api.w.org\/{rel}","templated":true}]}}